{"id":8785,"date":"2026-09-02T08:11:07","date_gmt":"2026-09-02T08:11:07","guid":{"rendered":"https:\/\/fr.callie.com\/blog\/?p=8785"},"modified":"2026-09-02T08:11:12","modified_gmt":"2026-09-02T08:11:12","slug":"guide-cadeaux-enfant-anniversaire-septembre","status":"publish","type":"post","link":"https:\/\/fr.callie.com\/blog\/guide-cadeaux-enfant-anniversaire-septembre\/","title":{"rendered":"Le Top 8 des Cadeaux d&#8217;Anniversaire Originaux pour les Enfants de Septembre"},"content":{"rendered":"<div id=\"ez-toc-container\" class=\"ez-toc-v2_0_75 counter-hierarchy ez-toc-counter ez-toc-grey ez-toc-container-direction\">\n<div class=\"ez-toc-title-container\">\n<p class=\"ez-toc-title\" style=\"cursor:inherit\">Table of Contents<\/p>\n<span class=\"ez-toc-title-toggle\"><a href=\"#\" class=\"ez-toc-pull-right ez-toc-btn ez-toc-btn-xs ez-toc-btn-default ez-toc-toggle\" aria-label=\"Toggle Table of Content\"><span class=\"ez-toc-js-icon-con\"><span class=\"\"><span class=\"eztoc-hide\" style=\"display:none;\">Toggle<\/span><span class=\"ez-toc-icon-toggle-span\"><svg style=\"fill: #b46f00;color:#b46f00\" xmlns=\"http:\/\/www.w3.org\/2000\/svg\" class=\"list-377408\" width=\"20px\" height=\"20px\" viewBox=\"0 0 24 24\" fill=\"none\"><path d=\"M6 6H4v2h2V6zm14 0H8v2h12V6zM4 11h2v2H4v-2zm16 0H8v2h12v-2zM4 16h2v2H4v-2zm16 0H8v2h12v-2z\" fill=\"currentColor\"><\/path><\/svg><svg style=\"fill: #b46f00;color:#b46f00\" class=\"arrow-unsorted-368013\" xmlns=\"http:\/\/www.w3.org\/2000\/svg\" width=\"10px\" height=\"10px\" viewBox=\"0 0 24 24\" version=\"1.2\" baseProfile=\"tiny\"><path d=\"M18.2 9.3l-6.2-6.3-6.2 6.3c-.2.2-.3.4-.3.7s.1.5.3.7c.2.2.4.3.7.3h11c.3 0 .5-.1.7-.3.2-.2.3-.5.3-.7s-.1-.5-.3-.7zM5.8 14.7l6.2 6.3 6.2-6.3c.2-.2.3-.5.3-.7s-.1-.5-.3-.7c-.2-.2-.4-.3-.7-.3h-11c-.3 0-.5.1-.7.3-.2.2-.3.5-.3.7s.1.5.3.7z\"\/><\/svg><\/span><\/span><\/span><\/a><\/span><\/div>\n<nav><ul class='ez-toc-list ez-toc-list-level-1 ' ><li class='ez-toc-page-1 ez-toc-heading-level-2'><a class=\"ez-toc-link ez-toc-heading-1\" href=\"https:\/\/fr.callie.com\/blog\/guide-cadeaux-enfant-anniversaire-septembre\/#1_Tableau_de_tracage_personnalise_avec_des_animaux_mignons_de_dessins_animes_et_le_prenom_de_lenfant\" >1. Tableau de tra\u00e7age personnalis\u00e9 avec des animaux mignons de dessins anim\u00e9s et le pr\u00e9nom de l&#8217;enfant<\/a><\/li><li class='ez-toc-page-1 ez-toc-heading-level-2'><a class=\"ez-toc-link ez-toc-heading-2\" href=\"https:\/\/fr.callie.com\/blog\/guide-cadeaux-enfant-anniversaire-septembre\/#2_Peluche_personnalisee_%C2%AB_Lapin-ourson_au_noeud_mignon_%C2%BB_avec_prenom_et_initiale\" >2. Peluche personnalis\u00e9e \u00ab Lapin-ourson au n\u0153ud mignon \u00bb avec pr\u00e9nom et initiale<\/a><\/li><li class='ez-toc-page-1 ez-toc-heading-level-2'><a class=\"ez-toc-link ez-toc-heading-3\" href=\"https:\/\/fr.callie.com\/blog\/guide-cadeaux-enfant-anniversaire-septembre\/#3_Casse-Tete_en_Bois_Personnalise_avec_Texte_Grave\" >3. Casse-T\u00eate en Bois Personnalis\u00e9 avec Texte Grav\u00e9<\/a><\/li><li class='ez-toc-page-1 ez-toc-heading-level-2'><a class=\"ez-toc-link ez-toc-heading-4\" href=\"https:\/\/fr.callie.com\/blog\/guide-cadeaux-enfant-anniversaire-septembre\/#4_Couverture_douillette_personnalisee_avec_motif_3D_ange_de_dessin_anime_fantastique_photo_denfant_avec_prenom\" >4. Couverture douillette personnalis\u00e9e avec motif 3D : ange de dessin anim\u00e9 fantastique, photo d&#8217;enfant, avec pr\u00e9nom<\/a><\/li><li class='ez-toc-page-1 ez-toc-heading-level-2'><a class=\"ez-toc-link ez-toc-heading-5\" href=\"https:\/\/fr.callie.com\/blog\/guide-cadeaux-enfant-anniversaire-septembre\/#5_Collier_personnalise_raffine_avec_animal_de_compagnie_fleur_de_naissance_et_pierre_de_naissance_avec_inscription\" >5. Collier personnalis\u00e9 raffin\u00e9 avec animal de compagnie, fleur de naissance et pierre de naissance, avec inscription<\/a><\/li><li class='ez-toc-page-1 ez-toc-heading-level-2'><a class=\"ez-toc-link ez-toc-heading-6\" href=\"https:\/\/fr.callie.com\/blog\/guide-cadeaux-enfant-anniversaire-septembre\/#6_Boite_a_bijoux_personnalisee_%C2%AB_Fee_des_fleurs_de_naissance_%C2%BB_en_cuir_PU_avec_prenom_et_miroir_de_maquillage_LED_tricolore_reglable\" >6. Bo\u00eete \u00e0 bijoux personnalis\u00e9e \u00ab F\u00e9e des fleurs de naissance \u00bb en cuir PU, avec pr\u00e9nom et miroir de maquillage LED tricolore r\u00e9glable<\/a><\/li><li class='ez-toc-page-1 ez-toc-heading-level-2'><a class=\"ez-toc-link ez-toc-heading-7\" href=\"https:\/\/fr.callie.com\/blog\/guide-cadeaux-enfant-anniversaire-septembre\/#7_Collier_Personnalise_avec_Noms_Graves_Pendentif_Famille_dOurs\" >7. Collier Personnalis\u00e9 avec Noms Grav\u00e9s Pendentif Famille d&#8217;Ours<\/a><\/li><li class='ez-toc-page-1 ez-toc-heading-level-2'><a class=\"ez-toc-link ez-toc-heading-8\" href=\"https:\/\/fr.callie.com\/blog\/guide-cadeaux-enfant-anniversaire-septembre\/#8_Veilleuse_LED_en_acrylique_personnalisee_avec_nom_et_photo_%E2%80%93_Style_personnage_de_dessin_anime\" >8. Veilleuse LED en acrylique personnalis\u00e9e avec nom et photo &#8211; Style personnage de dessin anim\u00e9<\/a><\/li><li class='ez-toc-page-1 ez-toc-heading-level-2'><a class=\"ez-toc-link ez-toc-heading-9\" href=\"https:\/\/fr.callie.com\/blog\/guide-cadeaux-enfant-anniversaire-septembre\/#Foire_Aux_Questions_FAQ_Les_Cadeaux_dAnniversaire_pour_Enfants_en_Septembre\" >Foire Aux Questions (FAQ) : Les Cadeaux d&#8217;Anniversaire pour Enfants en Septembre<\/a><ul class='ez-toc-list-level-3' ><li class='ez-toc-heading-level-3'><a class=\"ez-toc-link ez-toc-heading-10\" href=\"https:\/\/fr.callie.com\/blog\/guide-cadeaux-enfant-anniversaire-septembre\/#1_Quels_sont_les_traits_de_caractere_des_enfants_nes_en_septembre\" >1. Quels sont les traits de caract\u00e8re des enfants n\u00e9s en septembre ?<\/a><\/li><li class='ez-toc-page-1 ez-toc-heading-level-3'><a class=\"ez-toc-link ez-toc-heading-11\" href=\"https:\/\/fr.callie.com\/blog\/guide-cadeaux-enfant-anniversaire-septembre\/#2_Pourquoi_offrir_un_cadeau_personnalise_a_un_enfant\" >2. Pourquoi offrir un cadeau personnalis\u00e9 \u00e0 un enfant ?<\/a><\/li><li class='ez-toc-page-1 ez-toc-heading-level-3'><a class=\"ez-toc-link ez-toc-heading-12\" href=\"https:\/\/fr.callie.com\/blog\/guide-cadeaux-enfant-anniversaire-septembre\/#3_Comment_choisir_un_cadeau_educatif_qui_ne_soit_pas_%E2%80%9Cennuyeux%E2%80%9D\" >3. Comment choisir un cadeau \u00e9ducatif qui ne soit pas &#8220;ennuyeux&#8221; ?<\/a><\/li><li class='ez-toc-page-1 ez-toc-heading-level-3'><a class=\"ez-toc-link ez-toc-heading-13\" href=\"https:\/\/fr.callie.com\/blog\/guide-cadeaux-enfant-anniversaire-septembre\/#4_Quel_cadeau_est_adapte_pour_rassurer_un_enfant_lors_de_la_rentree_scolaire_de_septembre\" >4. Quel cadeau est adapt\u00e9 pour rassurer un enfant lors de la rentr\u00e9e scolaire de septembre ?<\/a><\/li><li class='ez-toc-page-1 ez-toc-heading-level-3'><a class=\"ez-toc-link ez-toc-heading-14\" href=\"https:\/\/fr.callie.com\/blog\/guide-cadeaux-enfant-anniversaire-septembre\/#5_A_partir_de_quel_age_offrir_une_boite_a_bijoux_musicale_ou_a_miroir\" >5. \u00c0 partir de quel \u00e2ge offrir une bo\u00eete \u00e0 bijoux musicale ou \u00e0 miroir ?<\/a><\/li><li class='ez-toc-page-1 ez-toc-heading-level-3'><a class=\"ez-toc-link ez-toc-heading-15\" href=\"https:\/\/fr.callie.com\/blog\/guide-cadeaux-enfant-anniversaire-septembre\/#6_Quels_sont_les_delais_de_livraison_pour_un_article_personnalise\" >6. Quels sont les d\u00e9lais de livraison pour un article personnalis\u00e9 ?<\/a><\/li><\/ul><\/li><\/ul><\/nav><\/div>\n\n<p>Le mois de septembre est un moment tourbillonnant pour les enfants en France. C&#8217;est le grand saut de la <a href=\"https:\/\/fr.callie.com\/back-to-school\" target=\"blank\">rentr\u00e9e scolaire<\/a>, le moment de retrouver les copains dans la cour de r\u00e9cr\u00e9ation, mais c&#8217;est aussi la transition douce entre l&#8217;insouciance de l&#8217;\u00e9t\u00e9 et les premiers frissons de l&#8217;automne. F\u00eater son anniversaire en plein mois de septembre demande donc une attention toute particuli\u00e8re pour que cette journ\u00e9e ne soit pas \u00e9clips\u00e9e par la fr\u00e9n\u00e9sie des devoirs et des nouveaux emplois du temps.<\/p>\n\n<p>Les enfants n\u00e9s en septembre sont g\u00e9n\u00e9ralement plac\u00e9s sous le signe de la Vierge (jusqu&#8217;au 22 septembre) ou de la Balance (\u00e0 partir du 23 septembre). Les petits Vierge sont souvent curieux, m\u00e9ticuleux et adorent apprendre, tandis que les enfants Balance sont de v\u00e9ritables petits esth\u00e8tes qui ch\u00e9rissent l&#8217;harmonie, la douceur et la beaut\u00e9. Pour vous aider \u00e0 viser juste, nous avons s\u00e9lectionn\u00e9 8 id\u00e9es de cadeaux personnalis\u00e9s, adapt\u00e9s \u00e0 chaque tranche d&#8217;\u00e2ge et \u00e0 chaque personnalit\u00e9, pour faire briller les yeux des gar\u00e7ons comme des filles.<\/p>\n\n<h2><span class=\"ez-toc-section\" id=\"1_Tableau_de_tracage_personnalise_avec_des_animaux_mignons_de_dessins_animes_et_le_prenom_de_lenfant\"><\/span>1. Tableau de tra\u00e7age personnalis\u00e9 avec des animaux mignons de dessins anim\u00e9s et le pr\u00e9nom de l&#8217;enfant<span class=\"ez-toc-section-end\"><\/span><\/h2>\n<p>Pour les jeunes enfants (entre 3 et 6 ans) qui font leurs premiers pas \u00e0 l&#8217;\u00e9cole maternelle, apprendre \u00e0 \u00e9crire est une aventure fascinante. Ce <a href=\"https:\/\/fr.callie.com\/personalized-cute-cartoon-animal-tracing-board-with-name-classroom-back-to-school-gift-for-kids-students\" target=\"_blank\">tableau de tra\u00e7age personnalis\u00e9 pour enfant<\/a> est le cadeau \u00e9ducatif par excellence. Les petits Vierge, connus pour leur nature studieuse et appliqu\u00e9e, adoreront s&#8217;entra\u00eener \u00e0 repasser sur les lettres de leur propre pr\u00e9nom. C&#8217;est un outil ludique qui accompagne parfaitement le rythme de la rentr\u00e9e de septembre, tout en mettant en sc\u00e8ne des animaux amusants pour capter leur attention.<\/p>\n<div style=\"display: flex; flex-wrap: wrap; gap: 4%; justify-content: space-between; margin-bottom: 30px;\">\n    <a href=\"https:\/\/fr.callie.com\/personalized-cute-cartoon-animal-tracing-board-with-name-classroom-back-to-school-gift-for-kids-students\" target=\"_blank\" style=\"flex: 1; min-width: 45%;\">\n        <img decoding=\"async\" data-src=\"https:\/\/d3ouql8tmwncoe.cloudfront.net\/uploads\/20260818\/331f3ce8e96548938d77bec6407624b4.png?d=1000\" style=\"width: 100%; height: auto; border-radius: 8px; object-fit: cover;\" alt=\"Tableau de tra\u00e7age personnalis\u00e9 pour apprendre \u00e0 \u00e9crire\" src=\"data:image\/svg+xml;base64,PHN2ZyB3aWR0aD0iMSIgaGVpZ2h0PSIxIiB4bWxucz0iaHR0cDovL3d3dy53My5vcmcvMjAwMC9zdmciPjwvc3ZnPg==\" class=\"lazyload\">\n    <\/a>\n    <a href=\"https:\/\/fr.callie.com\/personalized-cute-cartoon-animal-tracing-board-with-name-classroom-back-to-school-gift-for-kids-students\" target=\"_blank\" style=\"flex: 1; min-width: 45%;\">\n        <img decoding=\"async\" data-src=\"https:\/\/d3ouql8tmwncoe.cloudfront.net\/uploads\/20260818\/21b639ac0ab1a2028653480d917ed5bc.png?d=1000\" style=\"width: 100%; height: auto; border-radius: 8px; object-fit: cover;\" alt=\"Planche de tra\u00e7age avec animaux mignons\" src=\"data:image\/svg+xml;base64,PHN2ZyB3aWR0aD0iMSIgaGVpZ2h0PSIxIiB4bWxucz0iaHR0cDovL3d3dy53My5vcmcvMjAwMC9zdmciPjwvc3ZnPg==\" class=\"lazyload\">\n    <\/a>\n<\/div>\n\n<h2><span class=\"ez-toc-section\" id=\"2_Peluche_personnalisee_%C2%AB_Lapin-ourson_au_noeud_mignon_%C2%BB_avec_prenom_et_initiale\"><\/span>2. Peluche personnalis\u00e9e \u00ab Lapin-ourson au n\u0153ud mignon \u00bb avec pr\u00e9nom et initiale<span class=\"ez-toc-section-end\"><\/span><\/h2>\n<p>La rentr\u00e9e peut parfois \u00eatre une source d&#8217;anxi\u00e9t\u00e9 pour les tout-petits. Pour les b\u00e9b\u00e9s et les jeunes enfants jusqu&#8217;\u00e0 4 ans, avoir un nouveau compagnon r\u00e9confortant fait toute la diff\u00e9rence. Offrez-leur cette <a href=\"https:\/\/fr.callie.com\/personalized-cute-bow-bunny-bear-plush-toy-with-name-and-initial-daily-use-birthday-gift-for-couple-kids\" target=\"_blank\">peluche lapin-ourson personnalis\u00e9e avec pr\u00e9nom<\/a>. Les enfants Balance, qui ont un besoin visc\u00e9ral de douceur et d&#8217;harmonie, feront de ce doudou leur meilleur alli\u00e9 pour affronter les premi\u00e8res nuits fra\u00eeches de septembre et les siestes \u00e0 la cr\u00e8che ou \u00e0 l&#8217;\u00e9cole.<\/p>\n<div style=\"display: flex; flex-wrap: wrap; gap: 4%; justify-content: space-between; margin-bottom: 30px;\">\n    <a href=\"https:\/\/fr.callie.com\/personalized-cute-bow-bunny-bear-plush-toy-with-name-and-initial-daily-use-birthday-gift-for-couple-kids\" target=\"_blank\" style=\"flex: 1; min-width: 45%;\">\n        <img decoding=\"async\" data-src=\"https:\/\/d3ouql8tmwncoe.cloudfront.net\/uploads\/20260807\/aefa9029264ed8ca75087f12dbfd2520.png?d=1000\" style=\"width: 100%; height: auto; border-radius: 8px; object-fit: cover;\" alt=\"Peluche lapin personnalis\u00e9e pour enfant\" src=\"data:image\/svg+xml;base64,PHN2ZyB3aWR0aD0iMSIgaGVpZ2h0PSIxIiB4bWxucz0iaHR0cDovL3d3dy53My5vcmcvMjAwMC9zdmciPjwvc3ZnPg==\" class=\"lazyload\">\n    <\/a>\n    <a href=\"https:\/\/fr.callie.com\/personalized-cute-bow-bunny-bear-plush-toy-with-name-and-initial-daily-use-birthday-gift-for-couple-kids\" target=\"_blank\" style=\"flex: 1; min-width: 45%;\">\n        <img decoding=\"async\" data-src=\"https:\/\/d3ouql8tmwncoe.cloudfront.net\/uploads\/20260807\/d82a550b141afc8cdf86c3f0907d8887.png?d=1000\" style=\"width: 100%; height: auto; border-radius: 8px; object-fit: cover;\" alt=\"Doudou ourson avec initiale grav\u00e9e\" src=\"data:image\/svg+xml;base64,PHN2ZyB3aWR0aD0iMSIgaGVpZ2h0PSIxIiB4bWxucz0iaHR0cDovL3d3dy53My5vcmcvMjAwMC9zdmciPjwvc3ZnPg==\" class=\"lazyload\">\n    <\/a>\n<\/div>\n\n<h2><span class=\"ez-toc-section\" id=\"3_Casse-Tete_en_Bois_Personnalise_avec_Texte_Grave\"><\/span>3. Casse-T\u00eate en Bois Personnalis\u00e9 avec Texte Grav\u00e9<span class=\"ez-toc-section-end\"><\/span><\/h2>\n<p>Vous cherchez un cadeau qui stimule l&#8217;intellect d&#8217;un gar\u00e7on ou d&#8217;une fille de 7 \u00e0 12 ans ? Les enfants n\u00e9s sous le signe de la Vierge poss\u00e8dent souvent un esprit analytique et logique tr\u00e8s d\u00e9velopp\u00e9. Ce <a href=\"https:\/\/fr.callie.com\/personalized-unique-wooden-engraved-daily-calendar-puzzle-with-text-desk-decoration-birthday-anniversary-gift-for-puzzle-lovers\" target=\"_blank\">casse-t\u00eate en bois personnalis\u00e9 avec texte<\/a> est une brillante id\u00e9e pour les occuper loin des \u00e9crans apr\u00e8s l&#8217;\u00e9cole. En y gravant un message d&#8217;encouragement, ce bel objet en bois deviendra \u00e9galement une jolie d\u00e9coration sur leur bureau pour l&#8217;ann\u00e9e scolaire.<\/p>\n<div style=\"display: flex; flex-wrap: wrap; gap: 4%; justify-content: space-between; margin-bottom: 30px;\">\n    <a href=\"https:\/\/fr.callie.com\/personalized-unique-wooden-engraved-daily-calendar-puzzle-with-text-desk-decoration-birthday-anniversary-gift-for-puzzle-lovers\" target=\"_blank\" style=\"flex: 1; min-width: 45%;\">\n        <img decoding=\"async\" data-src=\"https:\/\/d3ouql8tmwncoe.cloudfront.net\/uploads\/20240701\/70505fe53e2256d1f86573f773665090.jpg?d=1000\" style=\"width: 100%; height: auto; border-radius: 8px; object-fit: cover;\" alt=\"Casse-t\u00eate en bois personnalis\u00e9\" src=\"data:image\/svg+xml;base64,PHN2ZyB3aWR0aD0iMSIgaGVpZ2h0PSIxIiB4bWxucz0iaHR0cDovL3d3dy53My5vcmcvMjAwMC9zdmciPjwvc3ZnPg==\" class=\"lazyload\">\n    <\/a>\n    <a href=\"https:\/\/fr.callie.com\/personalized-unique-wooden-engraved-daily-calendar-puzzle-with-text-desk-decoration-birthday-anniversary-gift-for-puzzle-lovers\" target=\"_blank\" style=\"flex: 1; min-width: 45%;\">\n        <img decoding=\"async\" data-src=\"https:\/\/d3ouql8tmwncoe.cloudfront.net\/uploads\/20240701\/88d59dfa59563b878f0dc3fe50b98679.jpg?d=1000\" style=\"width: 100%; height: auto; border-radius: 8px; object-fit: cover;\" alt=\"Puzzle calendrier avec gravure\" src=\"data:image\/svg+xml;base64,PHN2ZyB3aWR0aD0iMSIgaGVpZ2h0PSIxIiB4bWxucz0iaHR0cDovL3d3dy53My5vcmcvMjAwMC9zdmciPjwvc3ZnPg==\" class=\"lazyload\">\n    <\/a>\n<\/div>\n\n<h2><span class=\"ez-toc-section\" id=\"4_Couverture_douillette_personnalisee_avec_motif_3D_ange_de_dessin_anime_fantastique_photo_denfant_avec_prenom\"><\/span>4. Couverture douillette personnalis\u00e9e avec motif 3D : ange de dessin anim\u00e9 fantastique, photo d&#8217;enfant, avec pr\u00e9nom<span class=\"ez-toc-section-end\"><\/span><\/h2>\n<p>L&#8217;arriv\u00e9e de l&#8217;automne fin septembre marque le retour des soir\u00e9es cocooning \u00e0 la maison. Pour une petite fille de 4 \u00e0 10 ans qui aime r\u00eaver et se blottir au chaud en regardant ses dessins anim\u00e9s pr\u00e9f\u00e9r\u00e9s, cette <a href=\"https:\/\/fr.callie.com\/personalized-3d-effect-artwork-fantasy-cartoon-angel-kid-photo-soft-throw-blanket-with-name-home-decor-baby-shower-birthday-gift-for-girls\" target=\"_blank\">couverture douillette personnalis\u00e9e avec photo<\/a> est un cadeau magique. Le motif d&#8217;ange en 3D coupl\u00e9 \u00e0 sa propre photo la fera se sentir unique et prot\u00e9g\u00e9e lors des froides nuits qui s&#8217;annoncent.<\/p>\n<div style=\"display: flex; flex-wrap: wrap; gap: 4%; justify-content: space-between; margin-bottom: 30px;\">\n    <a href=\"https:\/\/fr.callie.com\/personalized-3d-effect-artwork-fantasy-cartoon-angel-kid-photo-soft-throw-blanket-with-name-home-decor-baby-shower-birthday-gift-for-girls\" target=\"_blank\" style=\"flex: 1; min-width: 45%;\">\n        <img decoding=\"async\" data-src=\"https:\/\/d3ouql8tmwncoe.cloudfront.net\/uploads\/20260824\/b0df8a8835e1111667ef43a578a19e2e.jpg?d=1000\" style=\"width: 100%; height: auto; border-radius: 8px; object-fit: cover;\" alt=\"Couverture polaire fille avec photo\" src=\"data:image\/svg+xml;base64,PHN2ZyB3aWR0aD0iMSIgaGVpZ2h0PSIxIiB4bWxucz0iaHR0cDovL3d3dy53My5vcmcvMjAwMC9zdmciPjwvc3ZnPg==\" class=\"lazyload\">\n    <\/a>\n    <a href=\"https:\/\/fr.callie.com\/personalized-3d-effect-artwork-fantasy-cartoon-angel-kid-photo-soft-throw-blanket-with-name-home-decor-baby-shower-birthday-gift-for-girls\" target=\"_blank\" style=\"flex: 1; min-width: 45%;\">\n        <img decoding=\"async\" data-src=\"https:\/\/d3ouql8tmwncoe.cloudfront.net\/uploads\/20260824\/43b7d8fbbc321218e9e55723fe45df6f.jpg?d=1000\" style=\"width: 100%; height: auto; border-radius: 8px; object-fit: cover;\" alt=\"Plaid 3D personnalis\u00e9 ange pour enfant\" src=\"data:image\/svg+xml;base64,PHN2ZyB3aWR0aD0iMSIgaGVpZ2h0PSIxIiB4bWxucz0iaHR0cDovL3d3dy53My5vcmcvMjAwMC9zdmciPjwvc3ZnPg==\" class=\"lazyload\">\n    <\/a>\n<\/div>\n\n<h2><span class=\"ez-toc-section\" id=\"5_Collier_personnalise_raffine_avec_animal_de_compagnie_fleur_de_naissance_et_pierre_de_naissance_avec_inscription\"><\/span>5. Collier personnalis\u00e9 raffin\u00e9 avec animal de compagnie, fleur de naissance et pierre de naissance, avec inscription<span class=\"ez-toc-section-end\"><\/span><\/h2>\n<p>Les pr\u00e9-adolescentes (8 \u00e0 15 ans) commencent souvent \u00e0 affirmer leur style et \u00e0 s&#8217;int\u00e9resser aux bijoux porteurs de sens. C\u00e9l\u00e9brez son mois de naissance avec ce somptueux <a href=\"https:\/\/fr.callie.com\/personalized-dainty-animal-companion-birth-flower-birthstone-necklace-with-text-birthday-gift-for-daughter-granddaughter\" target=\"_blank\">collier personnalis\u00e9 avec fleur de naissance et pierre de naissance<\/a>. En septembre, la fleur est l&#8217;Aster et la pierre est le Saphir. L&#8217;ajout d\u00e9licat de la silhouette d&#8217;un animal de compagnie en fait un bijou exceptionnel pour une jeune Vierge, souvent tr\u00e8s attach\u00e9e aux animaux et \u00e0 la nature.<\/p>\n<div style=\"display: flex; flex-wrap: wrap; gap: 4%; justify-content: space-between; margin-bottom: 30px;\">\n    <a href=\"https:\/\/fr.callie.com\/personalized-dainty-animal-companion-birth-flower-birthstone-necklace-with-text-birthday-gift-for-daughter-granddaughter\" target=\"_blank\" style=\"flex: 1; min-width: 45%;\">\n        <img decoding=\"async\" data-src=\"https:\/\/d3ouql8tmwncoe.cloudfront.net\/uploads\/20260825\/f9e9c3cc83f5d97a5cb5e9bc104e8f42.jpg?d=1000\" style=\"width: 100%; height: auto; border-radius: 8px; object-fit: cover;\" alt=\"Collier pierre de naissance de septembre\" src=\"data:image\/svg+xml;base64,PHN2ZyB3aWR0aD0iMSIgaGVpZ2h0PSIxIiB4bWxucz0iaHR0cDovL3d3dy53My5vcmcvMjAwMC9zdmciPjwvc3ZnPg==\" class=\"lazyload\">\n    <\/a>\n    <a href=\"https:\/\/fr.callie.com\/personalized-dainty-animal-companion-birth-flower-birthstone-necklace-with-text-birthday-gift-for-daughter-granddaughter\" target=\"_blank\" style=\"flex: 1; min-width: 45%;\">\n        <img decoding=\"async\" data-src=\"https:\/\/d3ouql8tmwncoe.cloudfront.net\/uploads\/20260825\/ca7ba4c178d4094792a5f1cb9912671a.jpg?d=1000\" style=\"width: 100%; height: auto; border-radius: 8px; object-fit: cover;\" alt=\"Bijou enfant avec animal et fleur\" src=\"data:image\/svg+xml;base64,PHN2ZyB3aWR0aD0iMSIgaGVpZ2h0PSIxIiB4bWxucz0iaHR0cDovL3d3dy53My5vcmcvMjAwMC9zdmciPjwvc3ZnPg==\" class=\"lazyload\">\n    <\/a>\n<\/div>\n\n<h2><span class=\"ez-toc-section\" id=\"6_Boite_a_bijoux_personnalisee_%C2%AB_Fee_des_fleurs_de_naissance_%C2%BB_en_cuir_PU_avec_prenom_et_miroir_de_maquillage_LED_tricolore_reglable\"><\/span>6. Bo\u00eete \u00e0 bijoux personnalis\u00e9e \u00ab F\u00e9e des fleurs de naissance \u00bb en cuir PU, avec pr\u00e9nom et miroir de maquillage LED tricolore r\u00e9glable<span class=\"ez-toc-section-end\"><\/span><\/h2>\n<p>Pour une petite fille coquette de 6 \u00e0 12 ans qui poss\u00e8de d\u00e9j\u00e0 ses propres tr\u00e9sors, l&#8217;organisation devient essentielle. Une <a href=\"https:\/\/fr.callie.com\/personalized-birth-flower-fairy-pu-leather-jewelry-box-with-name-and-led-three-color-adjustable-makeup-mirror-birthday-gift-for-african-american-girls\" target=\"_blank\">bo\u00eete \u00e0 bijoux personnalis\u00e9e avec miroir LED<\/a> est le summum du chic pour sa chambre. Les fillettes Balance, gouvern\u00e9es par V\u00e9nus, ont un go\u00fbt inn\u00e9 pour la beaut\u00e9, la mode et aiment jouer \u00e0 se faire belles. Ce coffret en cuir PU avec sa f\u00e9e des fleurs de naissance fera sensation lors de son go\u00fbter d&#8217;anniversaire.<\/p>\n<div style=\"display: flex; flex-wrap: wrap; gap: 4%; justify-content: space-between; margin-bottom: 30px;\">\n    <a href=\"https:\/\/fr.callie.com\/personalized-birth-flower-fairy-pu-leather-jewelry-box-with-name-and-led-three-color-adjustable-makeup-mirror-birthday-gift-for-african-american-girls\" target=\"_blank\" style=\"flex: 1; min-width: 45%;\">\n        <img decoding=\"async\" data-src=\"https:\/\/d3ouql8tmwncoe.cloudfront.net\/uploads\/20260811\/00451e4006ede58aa47cdfb9ad547cde.png?d=1000\" style=\"width: 100%; height: auto; border-radius: 8px; object-fit: cover;\" alt=\"Bo\u00eete \u00e0 bijoux enfant avec miroir LED\" src=\"data:image\/svg+xml;base64,PHN2ZyB3aWR0aD0iMSIgaGVpZ2h0PSIxIiB4bWxucz0iaHR0cDovL3d3dy53My5vcmcvMjAwMC9zdmciPjwvc3ZnPg==\" class=\"lazyload\">\n    <\/a>\n    <a href=\"https:\/\/fr.callie.com\/personalized-birth-flower-fairy-pu-leather-jewelry-box-with-name-and-led-three-color-adjustable-makeup-mirror-birthday-gift-for-african-american-girls\" target=\"_blank\" style=\"flex: 1; min-width: 45%;\">\n        <img decoding=\"async\" data-src=\"https:\/\/d3ouql8tmwncoe.cloudfront.net\/uploads\/20260811\/8a56adc60d668ccc871f2fb40ca704a3.png?d=1000\" style=\"width: 100%; height: auto; border-radius: 8px; object-fit: cover;\" alt=\"Coffret \u00e0 bijoux fille f\u00e9e personnalis\u00e9e\" src=\"data:image\/svg+xml;base64,PHN2ZyB3aWR0aD0iMSIgaGVpZ2h0PSIxIiB4bWxucz0iaHR0cDovL3d3dy53My5vcmcvMjAwMC9zdmciPjwvc3ZnPg==\" class=\"lazyload\">\n    <\/a>\n<\/div>\n\n<h2><span class=\"ez-toc-section\" id=\"7_Collier_Personnalise_avec_Noms_Graves_Pendentif_Famille_dOurs\"><\/span>7. Collier Personnalis\u00e9 avec Noms Grav\u00e9s Pendentif Famille d&#8217;Ours<span class=\"ez-toc-section-end\"><\/span><\/h2>\n<p>La rentr\u00e9e de septembre rime parfois avec la s\u00e9paration quotidienne d&#8217;avec les parents. Pour un enfant de 5 \u00e0 10 ans (gar\u00e7on ou fille), porter un symbole fort de son foyer est tr\u00e8s rassurant. Ce <a href=\"https:\/\/fr.callie.com\/personalized-papa-mama-bear-family-sterling-silver-necklace-with-baby-bears-and-engraved-names-love-heart-gift-for-parent-grandparent\" target=\"_blank\">collier famille d&#8217;ours personnalis\u00e9 avec pr\u00e9noms<\/a> est un tendre rappel que l&#8217;amour de papa et maman l&#8217;accompagne jusque dans la cour d&#8217;\u00e9cole. C&#8217;est un bijou universel qui renforce les liens familiaux apr\u00e8s les longues vacances d&#8217;\u00e9t\u00e9 partag\u00e9es ensemble.<\/p>\n<div style=\"display: flex; flex-wrap: wrap; gap: 4%; justify-content: space-between; margin-bottom: 30px;\">\n    <a href=\"https:\/\/fr.callie.com\/personalized-papa-mama-bear-family-sterling-silver-necklace-with-baby-bears-and-engraved-names-love-heart-gift-for-parent-grandparent\" target=\"_blank\" style=\"flex: 1; min-width: 45%;\">\n        <img decoding=\"async\" data-src=\"https:\/\/d3ouql8tmwncoe.cloudfront.net\/uploads\/20260420\/fe2df6b8a883a7cc6adc23870e7b8b6c.jpg?d=1000\" style=\"width: 100%; height: auto; border-radius: 8px; object-fit: cover;\" alt=\"Collier famille ours grav\u00e9\" src=\"data:image\/svg+xml;base64,PHN2ZyB3aWR0aD0iMSIgaGVpZ2h0PSIxIiB4bWxucz0iaHR0cDovL3d3dy53My5vcmcvMjAwMC9zdmciPjwvc3ZnPg==\" class=\"lazyload\">\n    <\/a>\n    <a href=\"https:\/\/fr.callie.com\/personalized-papa-mama-bear-family-sterling-silver-necklace-with-baby-bears-and-engraved-names-love-heart-gift-for-parent-grandparent\" target=\"_blank\" style=\"flex: 1; min-width: 45%;\">\n        <img decoding=\"async\" data-src=\"https:\/\/d3ouql8tmwncoe.cloudfront.net\/uploads\/20240510\/f64e613a3d4546f6340c3777a4444ea5.jpg?d=1000\" style=\"width: 100%; height: auto; border-radius: 8px; object-fit: cover;\" alt=\"Pendentif oursons personnalis\u00e9s enfants\" src=\"data:image\/svg+xml;base64,PHN2ZyB3aWR0aD0iMSIgaGVpZ2h0PSIxIiB4bWxucz0iaHR0cDovL3d3dy53My5vcmcvMjAwMC9zdmciPjwvc3ZnPg==\" class=\"lazyload\">\n    <\/a>\n<\/div>\n\n<h2><span class=\"ez-toc-section\" id=\"8_Veilleuse_LED_en_acrylique_personnalisee_avec_nom_et_photo_%E2%80%93_Style_personnage_de_dessin_anime\"><\/span>8. Veilleuse LED en acrylique personnalis\u00e9e avec nom et photo &#8211; Style personnage de dessin anim\u00e9<span class=\"ez-toc-section-end\"><\/span><\/h2>\n<p>Alors que septembre avance, les journ\u00e9es raccourcissent inexorablement et la nuit tombe plus t\u00f4t. Pour les enfants de 2 \u00e0 7 ans qui peuvent avoir peur du noir, une belle lumi\u00e8re douce est indispensable. Cette <a href=\"https:\/\/fr.callie.com\/personalized-cartoon-photo-word-cloud-acrylic-led-night-light-with-name-and-wooden-base-nursery-room-decor-birthday-gift-for-kid\" target=\"_blank\">veilleuse LED acrylique personnalis\u00e9e avec pr\u00e9nom et photo<\/a> d\u00e9corera merveilleusement la table de chevet d&#8217;un petit gar\u00e7on ou d&#8217;une petite fille. Voir son propre visage ou son dessin anim\u00e9 pr\u00e9f\u00e9r\u00e9 s&#8217;illuminer chassera instantan\u00e9ment les monstres sous le lit et garantira de douces nuits r\u00e9paratrices pour bien grandir.<\/p>\n<div style=\"display: flex; flex-wrap: wrap; gap: 4%; justify-content: space-between; margin-bottom: 30px;\">\n    <a href=\"https:\/\/fr.callie.com\/personalized-cartoon-photo-word-cloud-acrylic-led-night-light-with-name-and-wooden-base-nursery-room-decor-birthday-gift-for-kid\" target=\"_blank\" style=\"flex: 1; min-width: 45%;\">\n        <img decoding=\"async\" data-src=\"https:\/\/d3ouql8tmwncoe.cloudfront.net\/uploads\/20260804\/63e8e5466a0c332fdb0740bf96699dca.png?d=1000\" style=\"width: 100%; height: auto; border-radius: 8px; object-fit: cover;\" alt=\"Veilleuse LED enfant avec photo\" src=\"data:image\/svg+xml;base64,PHN2ZyB3aWR0aD0iMSIgaGVpZ2h0PSIxIiB4bWxucz0iaHR0cDovL3d3dy53My5vcmcvMjAwMC9zdmciPjwvc3ZnPg==\" class=\"lazyload\">\n    <\/a>\n    <a href=\"https:\/\/fr.callie.com\/personalized-cartoon-photo-word-cloud-acrylic-led-night-light-with-name-and-wooden-base-nursery-room-decor-birthday-gift-for-kid\" target=\"_blank\" style=\"flex: 1; min-width: 45%;\">\n        <img decoding=\"async\" data-src=\"https:\/\/d3ouql8tmwncoe.cloudfront.net\/uploads\/20260804\/5be3455c2a6a4cdfbe2f210cdf11b612.png?d=1000\" style=\"width: 100%; height: auto; border-radius: 8px; object-fit: cover;\" alt=\"Lampe de chevet personnalis\u00e9e b\u00e9b\u00e9\" src=\"data:image\/svg+xml;base64,PHN2ZyB3aWR0aD0iMSIgaGVpZ2h0PSIxIiB4bWxucz0iaHR0cDovL3d3dy53My5vcmcvMjAwMC9zdmciPjwvc3ZnPg==\" class=\"lazyload\">\n    <\/a>\n<\/div>\n\n<p>Trouver le cadeau d&#8217;anniversaire id\u00e9al pour un enfant n\u00e9 en septembre, c&#8217;est savoir m\u00ealer l&#8217;aspect ludique, l&#8217;esth\u00e9tique et le c\u00f4t\u00e9 r\u00e9confortant n\u00e9cessaire \u00e0 cette p\u00e9riode de transition qu&#8217;est la rentr\u00e9e. Un pr\u00e9sent personnalis\u00e9 lui montre qu&#8217;il est unique, qu&#8217;il grandit, et que l&#8217;on f\u00eate fi\u00e8rement sa nouvelle ann\u00e9e !<\/p>\n\n<p>D&#8217;ailleurs, si cet anniversaire vous fait r\u00e9aliser que <strong>d\u00e9j\u00e0 le mois de septembre a commenc\u00e9 et que vous n&#8217;avez pas tout pr\u00e9par\u00e9 pour l&#8217;\u00e9cole&#8230;<\/strong> Pas de panique ! <br>\n\ud83d\udc49 D\u00e9j\u00e0 la rentr\u00e9e, n&#8217;avez-vous pas encore pr\u00e9par\u00e9 les indispensables pour votre enfant ? <a href=\"https:\/\/fr.callie.com\/blog\/fournitures-personnalisees-rentree-scolaire-enfants\/\" target=\"_blank\">Rentr\u00e9e scolaire : les indispensables pour les enfants, du carnet \u00e0 la trousse personnalis\u00e9e<\/a>.<\/p>\n\n<div class=\"faq-section\" style=\"margin-top: 40px; padding: 20px; background-color: #f9f9f9; border-radius: 8px;\">\n    <h2 style=\"text-align: center; margin-bottom: 20px;\"><span class=\"ez-toc-section\" id=\"Foire_Aux_Questions_FAQ_Les_Cadeaux_dAnniversaire_pour_Enfants_en_Septembre\"><\/span>Foire Aux Questions (FAQ) : Les Cadeaux d&#8217;Anniversaire pour Enfants en Septembre<span class=\"ez-toc-section-end\"><\/span><\/h2>\n\n    <h3><span class=\"ez-toc-section\" id=\"1_Quels_sont_les_traits_de_caractere_des_enfants_nes_en_septembre\"><\/span>1. Quels sont les traits de caract\u00e8re des enfants n\u00e9s en septembre ?<span class=\"ez-toc-section-end\"><\/span><\/h3>\n    <p>En astrologie, un enfant n\u00e9 en septembre est soit Vierge (jusqu&#8217;au 22) soit Balance (d\u00e8s le 23). Les petits Vierge sont souvent pragmatiques, curieux, appliqu\u00e9s et aiment comprendre le monde (un casse-t\u00eate ou un tableau de tra\u00e7age est parfait pour eux). Les petits Balance, au contraire, sont charmants, esth\u00e8tes et sensibles \u00e0 la douceur et \u00e0 l&#8217;harmonie (une belle bo\u00eete \u00e0 bijoux ou une peluche personnalis\u00e9e les ravira).<\/p>\n\n    <h3><span class=\"ez-toc-section\" id=\"2_Pourquoi_offrir_un_cadeau_personnalise_a_un_enfant\"><\/span>2. Pourquoi offrir un cadeau personnalis\u00e9 \u00e0 un enfant ?<span class=\"ez-toc-section-end\"><\/span><\/h3>\n    <p>Un objet portant son pr\u00e9nom ou sa photo aide l&#8217;enfant \u00e0 construire son identit\u00e9 et \u00e0 se sentir valoris\u00e9. De plus, \u00e0 l&#8217;\u00e9cole ou \u00e0 la garderie, les affaires personnalis\u00e9es (comme une couverture pour la sieste ou une veilleuse) risquent beaucoup moins d&#8217;\u00eatre perdues ou confondues avec celles des camarades !<\/p>\n\n    <h3><span class=\"ez-toc-section\" id=\"3_Comment_choisir_un_cadeau_educatif_qui_ne_soit_pas_%E2%80%9Cennuyeux%E2%80%9D\"><\/span>3. Comment choisir un cadeau \u00e9ducatif qui ne soit pas &#8220;ennuyeux&#8221; ?<span class=\"ez-toc-section-end\"><\/span><\/h3>\n    <p>Le secret est de lier l&#8217;apprentissage \u00e0 l&#8217;amusement. Un tableau de tra\u00e7age devient beaucoup plus attractif lorsqu&#8217;il est d\u00e9cor\u00e9 avec des petits animaux de dessins anim\u00e9s et grav\u00e9 \u00e0 son nom. De m\u00eame, un puzzle en bois d\u00e9veloppe la motricit\u00e9 fine et la logique, tout en restant un jeu tr\u00e8s stimulant et tactile.<\/p>\n\n    <h3><span class=\"ez-toc-section\" id=\"4_Quel_cadeau_est_adapte_pour_rassurer_un_enfant_lors_de_la_rentree_scolaire_de_septembre\"><\/span>4. Quel cadeau est adapt\u00e9 pour rassurer un enfant lors de la rentr\u00e9e scolaire de septembre ?<span class=\"ez-toc-section-end\"><\/span><\/h3>\n    <p>La rentr\u00e9e peut provoquer de l&#8217;anxi\u00e9t\u00e9 de s\u00e9paration. Des cadeaux &#8220;doudous&#8221; comme une peluche personnalis\u00e9e, une couverture douillette 3D, ou encore un collier &#8220;Famille d&#8217;Ours&#8221; qu&#8217;il peut garder contre lui, agissent comme des objets de transition qui l&#8217;apaisent quand ses parents ne sont pas l\u00e0.<\/p>\n\n    <h3><span class=\"ez-toc-section\" id=\"5_A_partir_de_quel_age_offrir_une_boite_a_bijoux_musicale_ou_a_miroir\"><\/span>5. \u00c0 partir de quel \u00e2ge offrir une bo\u00eete \u00e0 bijoux musicale ou \u00e0 miroir ?<span class=\"ez-toc-section-end\"><\/span><\/h3>\n    <p>G\u00e9n\u00e9ralement, les petites filles commencent \u00e0 s&#8217;int\u00e9resser aux bo\u00eetes \u00e0 bijoux et \u00e0 collectionner des petits tr\u00e9sors autour de 6 ou 7 ans. Une bo\u00eete \u00e0 bijoux avec miroir LED est particuli\u00e8rement adapt\u00e9e aux pr\u00e9-adolescentes (8-12 ans) qui aiment l&#8217;aspect coquet et &#8220;comme les grandes&#8221;.<\/p>\n\n    <h3><span class=\"ez-toc-section\" id=\"6_Quels_sont_les_delais_de_livraison_pour_un_article_personnalise\"><\/span>6. Quels sont les d\u00e9lais de livraison pour un article personnalis\u00e9 ?<span class=\"ez-toc-section-end\"><\/span><\/h3>\n    <p>Puisque chaque article est fabriqu\u00e9 ou grav\u00e9 sur mesure (ajout du pr\u00e9nom, impression photo 3D, cr\u00e9ation d&#8217;une veilleuse acrylique), cela n\u00e9cessite un d\u00e9lai de traitement en atelier. Nous recommandons de commander le cadeau au minimum 10 \u00e0 15 jours avant la date de l&#8217;anniversaire pour garantir une livraison \u00e0 temps pour la f\u00eate.<\/p>\n<\/div>\n\n\n\n<script type=\"application\/ld+json\">\n[\n  {\n    \"@context\": \"https:\/\/schema.org\",\n    \"@type\": \"BlogPosting\",\n    \"mainEntityOfPage\": {\n      \"@type\": \"WebPage\",\n      \"@id\": \"https:\/\/fr.callie.com\/blog\/guide-cadeaux-enfant-anniversaire-septembre\"\n    },\n    \"headline\": \"Le Top 8 des Cadeaux d'Anniversaire Originaux pour les Enfants de Septembre\",\n    \"description\": \"C\u00e9l\u00e9brez l'anniversaire de votre enfant n\u00e9 en septembre avec notre guide de 8 cadeaux personnalis\u00e9s originaux, parfaits pour les petits Vierge et Balance de tous \u00e2ges.\",\n    \"image\": \"https:\/\/fr.callie.com\/blog\/wp-content\/uploads\/2026\/09\/idee-cadeaux-septembre-enfant.jpg\",\n    \"author\": {\n      \"@type\": \"Organization\",\n      \"name\": \"Callie\",\n      \"url\": \"https:\/\/fr.callie.com\/\"\n    },\n    \"publisher\": {\n      \"@type\": \"Organization\",\n      \"name\": \"Callie\",\n      \"logo\": {\n        \"@type\": \"ImageObject\",\n        \"url\": \"https:\/\/d3ouql8tmwncoe.cloudfront.net\/uploads\/20220922\/823f6dbeeb80bb6bce1d717ff6d02887.png\"\n      }\n    },\n    \"datePublished\": \"2026-09-02\",\n    \"dateModified\": \"2026-09-02\"\n  },\n  {\n    \"@context\": \"https:\/\/schema.org\",\n    \"@type\": \"FAQPage\",\n    \"mainEntity\": [\n      {\n        \"@type\": \"Question\",\n        \"name\": \"Quels sont les traits de caract\u00e8re des enfants n\u00e9s en septembre ?\",\n        \"acceptedAnswer\": {\n          \"@type\": \"Answer\",\n          \"text\": \"En astrologie, un enfant n\u00e9 en septembre est soit Vierge (jusqu'au 22) soit Balance (d\u00e8s le 23). Les petits Vierge sont souvent pragmatiques, curieux, appliqu\u00e9s et aiment comprendre le monde (un casse-t\u00eate ou un tableau de tra\u00e7age est parfait pour eux). Les petits Balance, au contraire, sont charmants, esth\u00e8tes et sensibles \u00e0 la douceur et \u00e0 l'harmonie (une belle bo\u00eete \u00e0 bijoux ou une peluche personnalis\u00e9e les ravira).\"\n        }\n      },\n      {\n        \"@type\": \"Question\",\n        \"name\": \"Pourquoi offrir un cadeau personnalis\u00e9 \u00e0 un enfant ?\",\n        \"acceptedAnswer\": {\n          \"@type\": \"Answer\",\n          \"text\": \"Un objet portant son pr\u00e9nom ou sa photo aide l'enfant \u00e0 construire son identit\u00e9 et \u00e0 se sentir valoris\u00e9. De plus, \u00e0 l'\u00e9cole ou \u00e0 la garderie, les affaires personnalis\u00e9es (comme une couverture pour la sieste ou une veilleuse) risquent beaucoup moins d'\u00eatre perdues ou confondues avec celles des camarades !\"\n        }\n      },\n      {\n        \"@type\": \"Question\",\n        \"name\": \"Comment choisir un cadeau \u00e9ducatif qui ne soit pas \\\"ennuyeux\\\" ?\",\n        \"acceptedAnswer\": {\n          \"@type\": \"Answer\",\n          \"text\": \"Le secret est de lier l'apprentissage \u00e0 l'amusement. Un tableau de tra\u00e7age devient beaucoup plus attractif lorsqu'il est d\u00e9cor\u00e9 avec des petits animaux de dessins anim\u00e9s et grav\u00e9 \u00e0 son nom. De m\u00eame, un puzzle en bois d\u00e9veloppe la motricit\u00e9 fine et la logique, tout en restant un jeu tr\u00e8s stimulant et tactile.\"\n        }\n      },\n      {\n        \"@type\": \"Question\",\n        \"name\": \"Quel cadeau est adapt\u00e9 pour rassurer un enfant lors de la rentr\u00e9e scolaire de septembre ?\",\n        \"acceptedAnswer\": {\n          \"@type\": \"Answer\",\n          \"text\": \"La rentr\u00e9e peut provoquer de l'anxi\u00e9t\u00e9 de s\u00e9paration. Des cadeaux \\\"doudous\\\" comme une peluche personnalis\u00e9e, une couverture douillette 3D, ou encore un collier \\\"Famille d'Ours\\\" qu'il peut garder contre lui, agissent comme des objets de transition qui l'apaisent quand ses parents ne sont pas l\u00e0.\"\n        }\n      },\n      {\n        \"@type\": \"Question\",\n        \"name\": \"\u00c0 partir de quel \u00e2ge offrir une bo\u00eete \u00e0 bijoux musicale ou \u00e0 miroir ?\",\n        \"acceptedAnswer\": {\n          \"@type\": \"Answer\",\n          \"text\": \"G\u00e9n\u00e9ralement, les petites filles commencent \u00e0 s'int\u00e9resser aux bo\u00eetes \u00e0 bijoux et \u00e0 collectionner des petits tr\u00e9sors autour de 6 ou 7 ans. Une bo\u00eete \u00e0 bijoux avec miroir LED est particuli\u00e8rement adapt\u00e9e aux pr\u00e9-adolescentes (8-12 ans) qui aiment l'aspect coquet et \\\"comme les grandes\\\".\"\n        }\n      },\n      {\n        \"@type\": \"Question\",\n        \"name\": \"Quels sont les d\u00e9lais de livraison pour un article personnalis\u00e9 ?\",\n        \"acceptedAnswer\": {\n          \"@type\": \"Answer\",\n          \"text\": \"Puisque chaque article est fabriqu\u00e9 ou grav\u00e9 sur mesure (ajout du pr\u00e9nom, impression photo 3D, cr\u00e9ation d'une veilleuse acrylique), cela n\u00e9cessite un d\u00e9lai de traitement en atelier. Nous recommandons de commander le cadeau au minimum 10 \u00e0 15 jours avant la date de l'anniversaire pour garantir une livraison \u00e0 temps pour la f\u00eate.\"\n        }\n      }\n    ]\n  }\n]\n<\/script>\n","protected":false},"excerpt":{"rendered":"<p>Le mois de septembre est un moment tourbillonnant pour les enfants en France. C&#8217;est le grand saut de la rentr\u00e9e scolaire, le moment de retrouver les copains dans la cour de r\u00e9cr\u00e9ation, mais c&#8217;est aussi la transition douce entre l&#8217;insouciance de l&#8217;\u00e9t\u00e9 et les premiers frissons de l&#8217;automne. F\u00eater son anniversaire en plein mois de [&hellip;]<\/p>\n","protected":false},"author":9,"featured_media":8786,"comment_status":"closed","ping_status":"closed","sticky":false,"template":"","format":"standard","meta":{"_vp_format_video_url":"","_vp_image_focal_point":[],"footnotes":""},"categories":[703,669,676,659,698],"tags":[1003,516],"class_list":["post-8785","post","type-post","status-publish","format-standard","has-post-thumbnail","hentry","category-anniversaire","category-cadeaux-pour-fille","category-cadeaux-pour-enfants","category-idees-cadeaux","category-occasion","tag-cadeau-pour-enfanbt","tag-idees-cadeaux"],"yoast_head":"<!-- This site is optimized with the Yoast SEO plugin v25.5 - https:\/\/yoast.com\/wordpress\/plugins\/seo\/ -->\n<title>Le Top 8 des Cadeaux d&#039;Anniversaire Originaux pour les Enfants de Septembre - Id\u00e9es Cadeaux, Relations &amp; Messages Inspirants | Blog Callie<\/title>\n<meta name=\"description\" content=\"C\u00e9l\u00e9brez l&#039;anniversaire de votre enfant n\u00e9 en septembre avec notre guide de 8 cadeaux personnalis\u00e9s originaux, parfaits pour les petits Vierge et Balance de tous \u00e2ges.\" \/>\n<meta name=\"robots\" content=\"index, follow, max-snippet:-1, max-image-preview:large, max-video-preview:-1\" \/>\n<link rel=\"canonical\" href=\"https:\/\/fr.callie.com\/blog\/guide-cadeaux-enfant-anniversaire-septembre\/\" \/>\n<meta property=\"og:locale\" content=\"en_US\" \/>\n<meta property=\"og:type\" content=\"article\" \/>\n<meta property=\"og:title\" content=\"Le Top 8 des Cadeaux d&#039;Anniversaire Originaux pour les Enfants de Septembre - Id\u00e9es Cadeaux, Relations &amp; Messages Inspirants | Blog Callie\" \/>\n<meta property=\"og:description\" content=\"C\u00e9l\u00e9brez l&#039;anniversaire de votre enfant n\u00e9 en septembre avec notre guide de 8 cadeaux personnalis\u00e9s originaux, parfaits pour les petits Vierge et Balance de tous \u00e2ges.\" \/>\n<meta property=\"og:url\" content=\"https:\/\/fr.callie.com\/blog\/guide-cadeaux-enfant-anniversaire-septembre\/\" \/>\n<meta property=\"og:site_name\" content=\"Id\u00e9es Cadeaux, Relations &amp; Messages Inspirants | Blog Callie\" \/>\n<meta property=\"article:published_time\" content=\"2026-09-02T08:11:07+00:00\" \/>\n<meta property=\"article:modified_time\" content=\"2026-09-02T08:11:12+00:00\" \/>\n<meta property=\"og:image\" content=\"https:\/\/fr.callie.com\/blog\/wp-content\/uploads\/2026\/09\/idee-cadeaux-septembre-enfant.jpg\" \/>\n\t<meta property=\"og:image:width\" content=\"1500\" \/>\n\t<meta property=\"og:image:height\" content=\"1000\" \/>\n\t<meta property=\"og:image:type\" content=\"image\/jpeg\" \/>\n<meta name=\"author\" content=\"Lucie\" \/>\n<meta name=\"twitter:card\" content=\"summary_large_image\" \/>\n<meta name=\"twitter:label1\" content=\"Written by\" \/>\n\t<meta name=\"twitter:data1\" content=\"Lucie\" \/>\n\t<meta name=\"twitter:label2\" content=\"Est. reading time\" \/>\n\t<meta name=\"twitter:data2\" content=\"10 minutes\" \/>\n<script type=\"application\/ld+json\" class=\"yoast-schema-graph\">{\"@context\":\"https:\/\/schema.org\",\"@graph\":[{\"@type\":\"WebPage\",\"@id\":\"https:\/\/fr.callie.com\/blog\/guide-cadeaux-enfant-anniversaire-septembre\/\",\"url\":\"https:\/\/fr.callie.com\/blog\/guide-cadeaux-enfant-anniversaire-septembre\/\",\"name\":\"Le Top 8 des Cadeaux d'Anniversaire Originaux pour les Enfants de Septembre - Id\u00e9es Cadeaux, Relations &amp; Messages Inspirants | Blog Callie\",\"isPartOf\":{\"@id\":\"https:\/\/fr.callie.com\/blog\/#website\"},\"primaryImageOfPage\":{\"@id\":\"https:\/\/fr.callie.com\/blog\/guide-cadeaux-enfant-anniversaire-septembre\/#primaryimage\"},\"image\":{\"@id\":\"https:\/\/fr.callie.com\/blog\/guide-cadeaux-enfant-anniversaire-septembre\/#primaryimage\"},\"thumbnailUrl\":\"https:\/\/fr.callie.com\/blog\/wp-content\/uploads\/2026\/09\/idee-cadeaux-septembre-enfant.jpg\",\"datePublished\":\"2026-09-02T08:11:07+00:00\",\"dateModified\":\"2026-09-02T08:11:12+00:00\",\"author\":{\"@id\":\"https:\/\/fr.callie.com\/blog\/#\/schema\/person\/c9636fb1086c66f6e685632ab5c9ebe4\"},\"description\":\"C\u00e9l\u00e9brez l'anniversaire de votre enfant n\u00e9 en septembre avec notre guide de 8 cadeaux personnalis\u00e9s originaux, parfaits pour les petits Vierge et Balance de tous \u00e2ges.\",\"breadcrumb\":{\"@id\":\"https:\/\/fr.callie.com\/blog\/guide-cadeaux-enfant-anniversaire-septembre\/#breadcrumb\"},\"inLanguage\":\"en-US\",\"potentialAction\":[{\"@type\":\"ReadAction\",\"target\":[\"https:\/\/fr.callie.com\/blog\/guide-cadeaux-enfant-anniversaire-septembre\/\"]}]},{\"@type\":\"ImageObject\",\"inLanguage\":\"en-US\",\"@id\":\"https:\/\/fr.callie.com\/blog\/guide-cadeaux-enfant-anniversaire-septembre\/#primaryimage\",\"url\":\"https:\/\/fr.callie.com\/blog\/wp-content\/uploads\/2026\/09\/idee-cadeaux-septembre-enfant.jpg\",\"contentUrl\":\"https:\/\/fr.callie.com\/blog\/wp-content\/uploads\/2026\/09\/idee-cadeaux-septembre-enfant.jpg\",\"width\":1500,\"height\":1000,\"caption\":\"Le Top 8 des Cadeaux d'Anniversaire Originaux pour les Enfants de Septembre\"},{\"@type\":\"BreadcrumbList\",\"@id\":\"https:\/\/fr.callie.com\/blog\/guide-cadeaux-enfant-anniversaire-septembre\/#breadcrumb\",\"itemListElement\":[{\"@type\":\"ListItem\",\"position\":1,\"name\":\"Home\",\"item\":\"https:\/\/fr.callie.com\/blog\/\"},{\"@type\":\"ListItem\",\"position\":2,\"name\":\"Le Top 8 des Cadeaux d&#8217;Anniversaire Originaux pour les Enfants de Septembre\"}]},{\"@type\":\"WebSite\",\"@id\":\"https:\/\/fr.callie.com\/blog\/#website\",\"url\":\"https:\/\/fr.callie.com\/blog\/\",\"name\":\"Id\u00e9es Cadeaux, Relations & Messages Inspirants | Blog Callie\",\"description\":\"\",\"alternateName\":\"Blog Callie\",\"potentialAction\":[{\"@type\":\"SearchAction\",\"target\":{\"@type\":\"EntryPoint\",\"urlTemplate\":\"https:\/\/fr.callie.com\/blog\/?s={search_term_string}\"},\"query-input\":{\"@type\":\"PropertyValueSpecification\",\"valueRequired\":true,\"valueName\":\"search_term_string\"}}],\"inLanguage\":\"en-US\"}]}<\/script>\n<!-- \/ Yoast SEO plugin. -->","yoast_head_json":{"title":"Le Top 8 des Cadeaux d'Anniversaire Originaux pour les Enfants de Septembre - Id\u00e9es Cadeaux, Relations &amp; Messages Inspirants | Blog Callie","description":"C\u00e9l\u00e9brez l'anniversaire de votre enfant n\u00e9 en septembre avec notre guide de 8 cadeaux personnalis\u00e9s originaux, parfaits pour les petits Vierge et Balance de tous \u00e2ges.","robots":{"index":"index","follow":"follow","max-snippet":"max-snippet:-1","max-image-preview":"max-image-preview:large","max-video-preview":"max-video-preview:-1"},"canonical":"https:\/\/fr.callie.com\/blog\/guide-cadeaux-enfant-anniversaire-septembre\/","og_locale":"en_US","og_type":"article","og_title":"Le Top 8 des Cadeaux d'Anniversaire Originaux pour les Enfants de Septembre - Id\u00e9es Cadeaux, Relations &amp; Messages Inspirants | Blog Callie","og_description":"C\u00e9l\u00e9brez l'anniversaire de votre enfant n\u00e9 en septembre avec notre guide de 8 cadeaux personnalis\u00e9s originaux, parfaits pour les petits Vierge et Balance de tous \u00e2ges.","og_url":"https:\/\/fr.callie.com\/blog\/guide-cadeaux-enfant-anniversaire-septembre\/","og_site_name":"Id\u00e9es Cadeaux, Relations &amp; Messages Inspirants | Blog Callie","article_published_time":"2026-09-02T08:11:07+00:00","article_modified_time":"2026-09-02T08:11:12+00:00","og_image":[{"width":1500,"height":1000,"url":"https:\/\/fr.callie.com\/blog\/wp-content\/uploads\/2026\/09\/idee-cadeaux-septembre-enfant.jpg","type":"image\/jpeg"}],"author":"Lucie","twitter_card":"summary_large_image","twitter_misc":{"Written by":"Lucie","Est. reading time":"10 minutes"},"schema":{"@context":"https:\/\/schema.org","@graph":[{"@type":"WebPage","@id":"https:\/\/fr.callie.com\/blog\/guide-cadeaux-enfant-anniversaire-septembre\/","url":"https:\/\/fr.callie.com\/blog\/guide-cadeaux-enfant-anniversaire-septembre\/","name":"Le Top 8 des Cadeaux d'Anniversaire Originaux pour les Enfants de Septembre - Id\u00e9es Cadeaux, Relations &amp; Messages Inspirants | Blog Callie","isPartOf":{"@id":"https:\/\/fr.callie.com\/blog\/#website"},"primaryImageOfPage":{"@id":"https:\/\/fr.callie.com\/blog\/guide-cadeaux-enfant-anniversaire-septembre\/#primaryimage"},"image":{"@id":"https:\/\/fr.callie.com\/blog\/guide-cadeaux-enfant-anniversaire-septembre\/#primaryimage"},"thumbnailUrl":"https:\/\/fr.callie.com\/blog\/wp-content\/uploads\/2026\/09\/idee-cadeaux-septembre-enfant.jpg","datePublished":"2026-09-02T08:11:07+00:00","dateModified":"2026-09-02T08:11:12+00:00","author":{"@id":"https:\/\/fr.callie.com\/blog\/#\/schema\/person\/c9636fb1086c66f6e685632ab5c9ebe4"},"description":"C\u00e9l\u00e9brez l'anniversaire de votre enfant n\u00e9 en septembre avec notre guide de 8 cadeaux personnalis\u00e9s originaux, parfaits pour les petits Vierge et Balance de tous \u00e2ges.","breadcrumb":{"@id":"https:\/\/fr.callie.com\/blog\/guide-cadeaux-enfant-anniversaire-septembre\/#breadcrumb"},"inLanguage":"en-US","potentialAction":[{"@type":"ReadAction","target":["https:\/\/fr.callie.com\/blog\/guide-cadeaux-enfant-anniversaire-septembre\/"]}]},{"@type":"ImageObject","inLanguage":"en-US","@id":"https:\/\/fr.callie.com\/blog\/guide-cadeaux-enfant-anniversaire-septembre\/#primaryimage","url":"https:\/\/fr.callie.com\/blog\/wp-content\/uploads\/2026\/09\/idee-cadeaux-septembre-enfant.jpg","contentUrl":"https:\/\/fr.callie.com\/blog\/wp-content\/uploads\/2026\/09\/idee-cadeaux-septembre-enfant.jpg","width":1500,"height":1000,"caption":"Le Top 8 des Cadeaux d'Anniversaire Originaux pour les Enfants de Septembre"},{"@type":"BreadcrumbList","@id":"https:\/\/fr.callie.com\/blog\/guide-cadeaux-enfant-anniversaire-septembre\/#breadcrumb","itemListElement":[{"@type":"ListItem","position":1,"name":"Home","item":"https:\/\/fr.callie.com\/blog\/"},{"@type":"ListItem","position":2,"name":"Le Top 8 des Cadeaux d&#8217;Anniversaire Originaux pour les Enfants de Septembre"}]},{"@type":"WebSite","@id":"https:\/\/fr.callie.com\/blog\/#website","url":"https:\/\/fr.callie.com\/blog\/","name":"Id\u00e9es Cadeaux, Relations & Messages Inspirants | Blog Callie","description":"","alternateName":"Blog Callie","potentialAction":[{"@type":"SearchAction","target":{"@type":"EntryPoint","urlTemplate":"https:\/\/fr.callie.com\/blog\/?s={search_term_string}"},"query-input":{"@type":"PropertyValueSpecification","valueRequired":true,"valueName":"search_term_string"}}],"inLanguage":"en-US"}]}},"_links":{"self":[{"href":"https:\/\/fr.callie.com\/blog\/wp-json\/wp\/v2\/posts\/8785","targetHints":{"allow":["GET"]}}],"collection":[{"href":"https:\/\/fr.callie.com\/blog\/wp-json\/wp\/v2\/posts"}],"about":[{"href":"https:\/\/fr.callie.com\/blog\/wp-json\/wp\/v2\/types\/post"}],"author":[{"embeddable":true,"href":"https:\/\/fr.callie.com\/blog\/wp-json\/wp\/v2\/users\/9"}],"replies":[{"embeddable":true,"href":"https:\/\/fr.callie.com\/blog\/wp-json\/wp\/v2\/comments?post=8785"}],"version-history":[{"count":2,"href":"https:\/\/fr.callie.com\/blog\/wp-json\/wp\/v2\/posts\/8785\/revisions"}],"predecessor-version":[{"id":8788,"href":"https:\/\/fr.callie.com\/blog\/wp-json\/wp\/v2\/posts\/8785\/revisions\/8788"}],"wp:featuredmedia":[{"embeddable":true,"href":"https:\/\/fr.callie.com\/blog\/wp-json\/wp\/v2\/media\/8786"}],"wp:attachment":[{"href":"https:\/\/fr.callie.com\/blog\/wp-json\/wp\/v2\/media?parent=8785"}],"wp:term":[{"taxonomy":"category","embeddable":true,"href":"https:\/\/fr.callie.com\/blog\/wp-json\/wp\/v2\/categories?post=8785"},{"taxonomy":"post_tag","embeddable":true,"href":"https:\/\/fr.callie.com\/blog\/wp-json\/wp\/v2\/tags?post=8785"}],"curies":[{"name":"wp","href":"https:\/\/api.w.org\/{rel}","templated":true}]}}