{"id":8842,"date":"2026-09-06T10:11:27","date_gmt":"2026-09-06T10:11:27","guid":{"rendered":"https:\/\/fr.callie.com\/blog\/?p=8842"},"modified":"2026-09-06T10:23:40","modified_gmt":"2026-09-06T10:23:40","slug":"quel-sac-choisir-week-end-femme","status":"publish","type":"post","link":"https:\/\/fr.callie.com\/blog\/quel-sac-choisir-week-end-femme\/","title":{"rendered":"Quel sac choisir pour un week-end ? Le mod\u00e8le qui mise sur style, rangement et confiance en soi"},"content":{"rendered":"<div id=\"ez-toc-container\" class=\"ez-toc-v2_0_75 counter-hierarchy ez-toc-counter ez-toc-grey ez-toc-container-direction\">\n<div class=\"ez-toc-title-container\">\n<p class=\"ez-toc-title\" style=\"cursor:inherit\">Table of Contents<\/p>\n<span class=\"ez-toc-title-toggle\"><a href=\"#\" class=\"ez-toc-pull-right ez-toc-btn ez-toc-btn-xs ez-toc-btn-default ez-toc-toggle\" aria-label=\"Toggle Table of Content\"><span class=\"ez-toc-js-icon-con\"><span class=\"\"><span class=\"eztoc-hide\" style=\"display:none;\">Toggle<\/span><span class=\"ez-toc-icon-toggle-span\"><svg style=\"fill: #b46f00;color:#b46f00\" xmlns=\"http:\/\/www.w3.org\/2000\/svg\" class=\"list-377408\" width=\"20px\" height=\"20px\" viewBox=\"0 0 24 24\" fill=\"none\"><path d=\"M6 6H4v2h2V6zm14 0H8v2h12V6zM4 11h2v2H4v-2zm16 0H8v2h12v-2zM4 16h2v2H4v-2zm16 0H8v2h12v-2z\" fill=\"currentColor\"><\/path><\/svg><svg style=\"fill: #b46f00;color:#b46f00\" class=\"arrow-unsorted-368013\" xmlns=\"http:\/\/www.w3.org\/2000\/svg\" width=\"10px\" height=\"10px\" viewBox=\"0 0 24 24\" version=\"1.2\" baseProfile=\"tiny\"><path d=\"M18.2 9.3l-6.2-6.3-6.2 6.3c-.2.2-.3.4-.3.7s.1.5.3.7c.2.2.4.3.7.3h11c.3 0 .5-.1.7-.3.2-.2.3-.5.3-.7s-.1-.5-.3-.7zM5.8 14.7l6.2 6.3 6.2-6.3c.2-.2.3-.5.3-.7s-.1-.5-.3-.7c-.2-.2-.4-.3-.7-.3h-11c-.3 0-.5.1-.7.3-.2.2-.3.5-.3.7s.1.5.3.7z\"\/><\/svg><\/span><\/span><\/span><\/a><\/span><\/div>\n<nav><ul class='ez-toc-list ez-toc-list-level-1 ' ><li class='ez-toc-page-1 ez-toc-heading-level-2'><a class=\"ez-toc-link ez-toc-heading-1\" href=\"https:\/\/fr.callie.com\/blog\/quel-sac-choisir-week-end-femme\/#Quels_criteres_regarder_avant_de_choisir_un_sac_de_week-end\" >Quels crit\u00e8res regarder avant de choisir un sac de week-end ?<\/a><\/li><li class='ez-toc-page-1 ez-toc-heading-level-2'><a class=\"ez-toc-link ez-toc-heading-2\" href=\"https:\/\/fr.callie.com\/blog\/quel-sac-choisir-week-end-femme\/#Pourquoi_les_compartiments_changent-ils_vraiment_la_facon_de_voyager\" >Pourquoi les compartiments changent-ils vraiment la fa\u00e7on de voyager ?<\/a><\/li><li class='ez-toc-page-1 ez-toc-heading-level-2'><a class=\"ez-toc-link ez-toc-heading-3\" href=\"https:\/\/fr.callie.com\/blog\/quel-sac-choisir-week-end-femme\/#Un_sac_de_voyage_qui_ne_se_limite_pas_aux_week-ends\" >Un sac de voyage qui ne se limite pas aux week-ends<\/a><\/li><li class='ez-toc-page-1 ez-toc-heading-level-2'><a class=\"ez-toc-link ez-toc-heading-4\" href=\"https:\/\/fr.callie.com\/blog\/quel-sac-choisir-week-end-femme\/#Un_systeme_pratique_pour_les_voyages_avec_une_valise\" >Un syst\u00e8me pratique pour les voyages avec une valise<\/a><\/li><li class='ez-toc-page-1 ez-toc-heading-level-2'><a class=\"ez-toc-link ez-toc-heading-5\" href=\"https:\/\/fr.callie.com\/blog\/quel-sac-choisir-week-end-femme\/#Quel_style_choisir_pour_un_sac_destine_a_une_femme\" >Quel style choisir pour un sac destin\u00e9 \u00e0 une femme ?<\/a><\/li><li class='ez-toc-page-1 ez-toc-heading-level-2'><a class=\"ez-toc-link ez-toc-heading-6\" href=\"https:\/\/fr.callie.com\/blog\/quel-sac-choisir-week-end-femme\/#La_personnalisation_le_petit_detail_qui_rend_le_sac_unique\" >La personnalisation : le petit d\u00e9tail qui rend le sac unique<\/a><\/li><li class='ez-toc-page-1 ez-toc-heading-level-2'><a class=\"ez-toc-link ez-toc-heading-7\" href=\"https:\/\/fr.callie.com\/blog\/quel-sac-choisir-week-end-femme\/#Un_materiau_leger_pour_accompagner_les_deplacements\" >Un mat\u00e9riau l\u00e9ger pour accompagner les d\u00e9placements<\/a><\/li><li class='ez-toc-page-1 ez-toc-heading-level-2'><a class=\"ez-toc-link ez-toc-heading-8\" href=\"https:\/\/fr.callie.com\/blog\/quel-sac-choisir-week-end-femme\/#Dans_quelles_situations_utiliser_un_sac_de_week-end_femme\" >Dans quelles situations utiliser un sac de week-end femme ?<\/a><\/li><li class='ez-toc-page-1 ez-toc-heading-level-2'><a class=\"ez-toc-link ez-toc-heading-9\" href=\"https:\/\/fr.callie.com\/blog\/quel-sac-choisir-week-end-femme\/#Un_cadeau_qui_associe_utilite_et_message_positif\" >Un cadeau qui associe utilit\u00e9 et message positif<\/a><\/li><li class='ez-toc-page-1 ez-toc-heading-level-2'><a class=\"ez-toc-link ez-toc-heading-10\" href=\"https:\/\/fr.callie.com\/blog\/quel-sac-choisir-week-end-femme\/#Le_bon_sac_pour_un_week-end_doit-il_tout_faire\" >Le bon sac pour un week-end doit-il tout faire ?<\/a><\/li><li class='ez-toc-page-1 ez-toc-heading-level-2'><a class=\"ez-toc-link ez-toc-heading-11\" href=\"https:\/\/fr.callie.com\/blog\/quel-sac-choisir-week-end-femme\/#FAQ_sur_le_sac_de_week-end_pour_femme\" >FAQ sur le sac de week-end pour femme<\/a><ul class='ez-toc-list-level-3' ><li class='ez-toc-heading-level-3'><a class=\"ez-toc-link ez-toc-heading-12\" href=\"https:\/\/fr.callie.com\/blog\/quel-sac-choisir-week-end-femme\/#Quelle_taille_choisir_pour_un_sac_de_week-end_femme\" >Quelle taille choisir pour un sac de week-end femme ?<\/a><\/li><li class='ez-toc-page-1 ez-toc-heading-level-3'><a class=\"ez-toc-link ez-toc-heading-13\" href=\"https:\/\/fr.callie.com\/blog\/quel-sac-choisir-week-end-femme\/#Le_sac_possede-t-il_un_compartiment_pour_les_chaussures\" >Le sac poss\u00e8de-t-il un compartiment pour les chaussures ?<\/a><\/li><li class='ez-toc-page-1 ez-toc-heading-level-3'><a class=\"ez-toc-link ez-toc-heading-14\" href=\"https:\/\/fr.callie.com\/blog\/quel-sac-choisir-week-end-femme\/#Peut-on_porter_le_sac_a_lepaule\" >Peut-on porter le sac \u00e0 l\u2019\u00e9paule ?<\/a><\/li><li class='ez-toc-page-1 ez-toc-heading-level-3'><a class=\"ez-toc-link ez-toc-heading-15\" href=\"https:\/\/fr.callie.com\/blog\/quel-sac-choisir-week-end-femme\/#Peut-on_fixer_le_sac_sur_une_valise\" >Peut-on fixer le sac sur une valise ?<\/a><\/li><li class='ez-toc-page-1 ez-toc-heading-level-3'><a class=\"ez-toc-link ez-toc-heading-16\" href=\"https:\/\/fr.callie.com\/blog\/quel-sac-choisir-week-end-femme\/#Comment_personnaliser_ce_sac_de_voyage\" >Comment personnaliser ce sac de voyage ?<\/a><\/li><li class='ez-toc-page-1 ez-toc-heading-level-3'><a class=\"ez-toc-link ez-toc-heading-17\" href=\"https:\/\/fr.callie.com\/blog\/quel-sac-choisir-week-end-femme\/#Quelles_couleurs_sont_disponibles\" >Quelles couleurs sont disponibles ?<\/a><\/li><li class='ez-toc-page-1 ez-toc-heading-level-3'><a class=\"ez-toc-link ez-toc-heading-18\" href=\"https:\/\/fr.callie.com\/blog\/quel-sac-choisir-week-end-femme\/#De_quelle_matiere_est_fabrique_le_sac\" >De quelle mati\u00e8re est fabriqu\u00e9 le sac ?<\/a><\/li><li class='ez-toc-page-1 ez-toc-heading-level-3'><a class=\"ez-toc-link ez-toc-heading-19\" href=\"https:\/\/fr.callie.com\/blog\/quel-sac-choisir-week-end-femme\/#A_qui_offrir_un_sac_de_week-end_personnalise\" >\u00c0 qui offrir un sac de week-end personnalis\u00e9 ?<\/a><\/li><\/ul><\/li><\/ul><\/nav><\/div>\n\n<p>Pr\u00e9parer un week-end ne signifie pas forc\u00e9ment partir avec une grosse valise. Pour deux ou trois jours, un sac bien pens\u00e9 peut suffire \u00e0 emporter les v\u00eatements, les chaussures, les produits du quotidien et les petits accessoires indispensables. Encore faut-il choisir un mod\u00e8le qui combine suffisamment d\u2019espace, une bonne organisation et un style adapt\u00e9 \u00e0 sa personnalit\u00e9.<\/p>\n\n<p>Alors, <strong>quel sac choisir pour un week-end<\/strong> ? Pour une femme qui voyage r\u00e9guli\u00e8rement, le bon mod\u00e8le doit \u00eatre pratique sans \u00eatre encombrant, facile \u00e0 transporter et suffisamment polyvalent pour passer d\u2019une escapade de quelques jours \u00e0 un d\u00e9placement professionnel ou une sortie quotidienne. Certains d\u00e9tails peuvent \u00e9galement faire toute la diff\u00e9rence, comme les compartiments multiples, l\u2019espace d\u00e9di\u00e9 aux chaussures ou encore la possibilit\u00e9 de personnaliser son sac.<\/p>\n\n<h2><span class=\"ez-toc-section\" id=\"Quels_criteres_regarder_avant_de_choisir_un_sac_de_week-end\"><\/span>Quels crit\u00e8res regarder avant de choisir un sac de week-end ?<span class=\"ez-toc-section-end\"><\/span><\/h2>\n\n<p>Le premier \u00e9l\u00e9ment \u00e0 consid\u00e9rer est bien s\u00fbr la capacit\u00e9. Un <strong><a href=\"https:\/\/fr.callie.com\/personalized-fashion-hip-hop-girl-she-is-confident-multi-compartment-weekend-bag-with-shoulder-strap-birthday-encouragement-affirmation-gift-for-women\" target=\"blank\">sac de week-end femme<\/a><\/strong> doit pouvoir contenir l\u2019essentiel sans devenir difficile \u00e0 transporter. Un compartiment principal suffisamment spacieux permet de ranger les v\u00eatements et les affaires principales, tandis que des poches suppl\u00e9mentaires sont utiles pour s\u00e9parer les petits objets.<\/p>\n\n<p>L\u2019organisation int\u00e9rieure et ext\u00e9rieure est donc presque aussi importante que le volume total. Des compartiments plac\u00e9s \u00e0 l\u2019avant, \u00e0 l\u2019arri\u00e8re ou sur les c\u00f4t\u00e9s facilitent l\u2019acc\u00e8s aux accessoires que l\u2019on utilise souvent.<\/p>\n\n<p>Le mode de transport est \u00e9galement \u00e0 prendre en compte. Une bandouli\u00e8re permet de garder les mains libres, tandis qu\u2019un syst\u00e8me permettant de fixer le sac \u00e0 une valise peut \u00eatre particuli\u00e8rement pratique lorsque plusieurs moyens de transport sont utilis\u00e9s pendant un m\u00eame voyage.<\/p>\n\n<a href=\"https:\/\/fr.callie.com\/personalized-fashion-hip-hop-girl-she-is-confident-multi-compartment-weekend-bag-with-shoulder-strap-birthday-encouragement-affirmation-gift-for-women\" target=\"_blank\" rel=\"noopener\"><img decoding=\"async\" data-src=\"https:\/\/d3ouql8tmwncoe.cloudfront.net\/uploads\/20250423\/2ba78d9952ef42589d04ddec2aa5fada.jpg?d=1000\" alt=\"Sac de week-end femme personnalis\u00e9 avec plusieurs compartiments\" style=\"display:block;width:50%;height:auto;margin:20px auto;\" src=\"data:image\/svg+xml;base64,PHN2ZyB3aWR0aD0iMSIgaGVpZ2h0PSIxIiB4bWxucz0iaHR0cDovL3d3dy53My5vcmcvMjAwMC9zdmciPjwvc3ZnPg==\" class=\"lazyload\"><\/a>\n\n<h2><span class=\"ez-toc-section\" id=\"Pourquoi_les_compartiments_changent-ils_vraiment_la_facon_de_voyager\"><\/span>Pourquoi les compartiments changent-ils vraiment la fa\u00e7on de voyager ?<span class=\"ez-toc-section-end\"><\/span><\/h2>\n\n<p>Un grand sac sans s\u00e9paration peut rapidement devenir difficile \u00e0 organiser. Les v\u00eatements se m\u00e9langent avec les accessoires, les c\u00e2bles disparaissent sous les affaires et les chaussures peuvent prendre beaucoup de place.<\/p>\n\n<p>Un mod\u00e8le \u00e0 <strong>multi-compartiments<\/strong> permet au contraire de donner une place \u00e0 chaque cat\u00e9gorie d\u2019objet. La partie principale peut accueillir les v\u00eatements, tandis que les diff\u00e9rentes poches ext\u00e9rieures permettent de garder les petits accessoires plus facilement accessibles.<\/p>\n\n<p>Ce mod\u00e8le poss\u00e8de \u00e9galement un <strong>compartiment lat\u00e9ral d\u00e9di\u00e9 aux chaussures<\/strong>. C\u2019est un d\u00e9tail particuli\u00e8rement int\u00e9ressant pour un week-end, puisqu\u2019il permet de s\u00e9parer les chaussures du reste des affaires rang\u00e9es dans le compartiment principal.<\/p>\n\n<p>Une petite poche int\u00e9rieure zipp\u00e9e compl\u00e8te l\u2019organisation et permet de garder certains objets de valeur dans un espace distinct.<\/p>\n\n<h2><span class=\"ez-toc-section\" id=\"Un_sac_de_voyage_qui_ne_se_limite_pas_aux_week-ends\"><\/span>Un sac de voyage qui ne se limite pas aux week-ends<span class=\"ez-toc-section-end\"><\/span><\/h2>\n\n<p>Choisir un sac uniquement pour deux jours peut sembler logique, mais un mod\u00e8le r\u00e9ellement polyvalent peut \u00eatre utilis\u00e9 dans de nombreuses autres situations. Un sac suffisamment spacieux peut \u00e9galement accompagner une journ\u00e9e hors de chez soi, un d\u00e9placement professionnel ou diff\u00e9rents trajets n\u00e9cessitant de transporter plusieurs affaires.<\/p>\n\n<p>Ce type de <strong>sac de voyage femme<\/strong> peut aussi trouver sa place dans un quotidien actif. Sa conception permet de passer facilement d\u2019un usage \u00e0 l\u2019autre sans avoir besoin de poss\u00e9der un sac diff\u00e9rent pour chaque occasion.<\/p>\n\n<p>Le sac est \u00e9quip\u00e9 d\u2019une <strong>bandouli\u00e8re extra-longue<\/strong> qui permet de le porter \u00e0 l\u2019\u00e9paule ou en bandouli\u00e8re. Cette possibilit\u00e9 offre davantage de flexibilit\u00e9 selon la quantit\u00e9 d\u2019affaires transport\u00e9es et le type de trajet effectu\u00e9.<\/p>\n\n<a href=\"https:\/\/d3ouql8tmwncoe.cloudfront.net\/uploads\/20250421\/e429156116c18270fbd2985987703384.jpg?d=1000\" target=\"_blank\" rel=\"noopener\"><img decoding=\"async\" data-src=\"https:\/\/d3ouql8tmwncoe.cloudfront.net\/uploads\/20250421\/e429156116c18270fbd2985987703384.jpg?d=1000\" alt=\"Sac de voyage femme avec bandouli\u00e8re et grande capacit\u00e9\" style=\"display:block;width:50%;height:auto;margin:20px auto;\" src=\"data:image\/svg+xml;base64,PHN2ZyB3aWR0aD0iMSIgaGVpZ2h0PSIxIiB4bWxucz0iaHR0cDovL3d3dy53My5vcmcvMjAwMC9zdmciPjwvc3ZnPg==\" class=\"lazyload\"><\/a>\n\n<h2><span class=\"ez-toc-section\" id=\"Un_systeme_pratique_pour_les_voyages_avec_une_valise\"><\/span>Un syst\u00e8me pratique pour les voyages avec une valise<span class=\"ez-toc-section-end\"><\/span><\/h2>\n\n<p>Lorsque l\u2019on voyage en train, en avion ou en voiture, avoir plusieurs bagages peut rapidement devenir peu pratique. Le d\u00e9tail situ\u00e9 \u00e0 l\u2019arri\u00e8re de ce sac apporte une solution simple : il est con\u00e7u pour <strong>s\u2019accrocher aux poign\u00e9es d\u2019une valise<\/strong>.<\/p>\n\n<p>Le sac peut ainsi \u00eatre plac\u00e9 sur un bagage \u00e0 roulettes plut\u00f4t que port\u00e9 en permanence sur l\u2019\u00e9paule. Cette fonctionnalit\u00e9 peut \u00eatre particuli\u00e8rement appr\u00e9ci\u00e9e lors des d\u00e9placements dans les gares, les a\u00e9roports ou les h\u00f4tels.<\/p>\n\n<p>Pour un court s\u00e9jour, cette possibilit\u00e9 permet \u00e9galement de choisir une organisation plus l\u00e9g\u00e8re : une valise principale pour les v\u00eatements et un sac facilement accessible pour les objets dont on peut avoir besoin pendant le trajet.<\/p>\n\n<h2><span class=\"ez-toc-section\" id=\"Quel_style_choisir_pour_un_sac_destine_a_une_femme\"><\/span>Quel style choisir pour un sac destin\u00e9 \u00e0 une femme ?<span class=\"ez-toc-section-end\"><\/span><\/h2>\n\n<p>La praticit\u00e9 ne signifie pas forc\u00e9ment renoncer \u00e0 l\u2019esth\u00e9tique. Un sac utilis\u00e9 r\u00e9guli\u00e8rement peut aussi refl\u00e9ter le style et la personnalit\u00e9 de celle qui le porte.<\/p>\n\n<p>Ce mod\u00e8le se distingue notamment par son <strong>illustration de femme au style hip-hop portant une tenue en denim<\/strong>. \u00c0 cette identit\u00e9 visuelle s\u2019ajoute une phrase positive autour de la confiance en soi, de la force, de la motivation et du bien-\u00eatre.<\/p>\n\n<p>Le sac est disponible en <strong>quatre couleurs : noir, vert, rose et violet<\/strong>. Le choix de la couleur peut ainsi compl\u00e9ter le style vestimentaire ou simplement correspondre aux pr\u00e9f\u00e9rences de la personne qui le portera.<\/p>\n\n<a href=\"https:\/\/fr.callie.com\/personalized-fashion-hip-hop-girl-she-is-confident-multi-compartment-weekend-bag-with-shoulder-strap-birthday-encouragement-affirmation-gift-for-women\" target=\"_blank\" rel=\"noopener\"><img decoding=\"async\" data-src=\"https:\/\/d3ouql8tmwncoe.cloudfront.net\/uploads\/20250421\/428091c2927f6ab55d23f6f3a5241c5e.jpg?d=1000\" alt=\"Sac week-end personnalis\u00e9 pour femme disponible en plusieurs couleurs\" style=\"display:block;width:50%;height:auto;margin:20px auto;\" src=\"data:image\/svg+xml;base64,PHN2ZyB3aWR0aD0iMSIgaGVpZ2h0PSIxIiB4bWxucz0iaHR0cDovL3d3dy53My5vcmcvMjAwMC9zdmciPjwvc3ZnPg==\" class=\"lazyload\"><\/a>\n\n<h2><span class=\"ez-toc-section\" id=\"La_personnalisation_le_petit_detail_qui_rend_le_sac_unique\"><\/span>La personnalisation : le petit d\u00e9tail qui rend le sac unique<span class=\"ez-toc-section-end\"><\/span><\/h2>\n\n<p>Un sac de voyage peut d\u00e9j\u00e0 \u00eatre pratique et esth\u00e9tique, mais l\u2019ajout d\u2019un pr\u00e9nom lui donne une dimension beaucoup plus personnelle. Le nom peut \u00eatre int\u00e9gr\u00e9 directement au design pour transformer un mod\u00e8le courant en accessoire qui correspond r\u00e9ellement \u00e0 sa propri\u00e9taire.<\/p>\n\n<p>La personnalisation permet \u00e9galement de choisir diff\u00e9rents \u00e9l\u00e9ments de l\u2019illustration pr\u00e9sente sur le sac, notamment <strong>la coiffure et les v\u00eatements du personnage<\/strong>. Le r\u00e9sultat peut ainsi \u00eatre adapt\u00e9 au style que l\u2019on souhaite repr\u00e9senter.<\/p>\n\n<p>Le pr\u00e9nom peut contenir jusqu\u2019\u00e0 <strong>13 caract\u00e8res<\/strong>. Cette possibilit\u00e9 peut \u00eatre int\u00e9ressante pour cr\u00e9er un cadeau d\u2019anniversaire destin\u00e9 \u00e0 une amie, une s\u0153ur, une partenaire ou une autre femme qui aime voyager.<\/p>\n\n<h2><span class=\"ez-toc-section\" id=\"Un_materiau_leger_pour_accompagner_les_deplacements\"><\/span>Un mat\u00e9riau l\u00e9ger pour accompagner les d\u00e9placements<span class=\"ez-toc-section-end\"><\/span><\/h2>\n\n<p>Le sac est fabriqu\u00e9 en <strong>nylon<\/strong>, un mat\u00e9riau adapt\u00e9 \u00e0 la conception d\u2019un sac destin\u00e9 \u00e0 \u00eatre transport\u00e9 r\u00e9guli\u00e8rement. Il est pr\u00e9sent\u00e9 comme l\u00e9ger et r\u00e9sistant \u00e0 l\u2019eau et \u00e0 la poussi\u00e8re, ce qui peut \u00eatre pratique lorsque le sac accompagne diff\u00e9rents types de d\u00e9placements.<\/p>\n\n<p>Sa fermeture \u00e0 glissi\u00e8re contribue \u00e9galement \u00e0 garder les affaires \u00e0 l\u2019int\u00e9rieur, tandis que la poche int\u00e9rieure zipp\u00e9e apporte un espace suppl\u00e9mentaire pour les petits objets que l\u2019on souhaite isoler.<\/p>\n\n<p>Avec des dimensions d\u2019environ <strong>36 \u00d7 16 \u00d7 22 cm<\/strong>, le mod\u00e8le offre un format suffisamment spacieux pour un week-end tout en restant adapt\u00e9 \u00e0 un transport fr\u00e9quent.<\/p>\n\n<a href=\"https:\/\/d3ouql8tmwncoe.cloudfront.net\/uploads\/20250421\/838bc4f6be72dc1e028dd79fb2aa2996.jpg?d=1000\" target=\"_blank\" rel=\"noopener\"><img decoding=\"async\" data-src=\"https:\/\/d3ouql8tmwncoe.cloudfront.net\/uploads\/20250421\/838bc4f6be72dc1e028dd79fb2aa2996.jpg?d=1000\" alt=\"Sac de voyage personnalis\u00e9 pour femme en nylon\" style=\"display:block;width:50%;height:auto;margin:20px auto;\" src=\"data:image\/svg+xml;base64,PHN2ZyB3aWR0aD0iMSIgaGVpZ2h0PSIxIiB4bWxucz0iaHR0cDovL3d3dy53My5vcmcvMjAwMC9zdmciPjwvc3ZnPg==\" class=\"lazyload\"><\/a>\n\n<h2><span class=\"ez-toc-section\" id=\"Dans_quelles_situations_utiliser_un_sac_de_week-end_femme\"><\/span>Dans quelles situations utiliser un sac de week-end femme ?<span class=\"ez-toc-section-end\"><\/span><\/h2>\n\n<p>Un bon sac de week-end peut accompagner bien plus qu\u2019une escapade classique. Il peut \u00eatre utilis\u00e9 pour un <strong>week-end en couple<\/strong>, une visite chez des proches, une courte pause dans une autre ville ou encore un d\u00e9placement professionnel.<\/p>\n\n<p>Son espace pour les chaussures peut \u00e9galement \u00eatre pratique avant une activit\u00e9 n\u00e9cessitant une paire diff\u00e9rente, tandis que les compartiments ext\u00e9rieurs permettent d\u2019acc\u00e9der plus rapidement aux petits accessoires.<\/p>\n\n<p>Pour une femme qui voyage souvent, cette polyvalence permet d\u2019avoir un seul sac capable de s\u2019adapter \u00e0 plusieurs situations plut\u00f4t que de multiplier les mod\u00e8les.<\/p>\n\n<h2><span class=\"ez-toc-section\" id=\"Un_cadeau_qui_associe_utilite_et_message_positif\"><\/span>Un cadeau qui associe utilit\u00e9 et message positif<span class=\"ez-toc-section-end\"><\/span><\/h2>\n\n<p>Lorsqu\u2019il s\u2019agit de choisir un cadeau pour une femme, un objet utile peut avoir encore plus d\u2019impact lorsqu\u2019il poss\u00e8de une dimension personnelle. Un sac de voyage personnalis\u00e9 peut accompagner concr\u00e8tement la personne dans ses d\u00e9placements tout en lui rappelant le message positif inscrit sur son design.<\/p>\n\n<p>Il peut \u00eatre offert \u00e0 l\u2019occasion d\u2019un <strong>anniversaire<\/strong>, mais aussi simplement pour encourager une proche avant une nouvelle \u00e9tape ou un nouveau projet. Pour une passionn\u00e9e de voyage, il associe ainsi une utilit\u00e9 quotidienne \u00e0 une attention pens\u00e9e sp\u00e9cialement pour elle.<\/p>\n\n<h2><span class=\"ez-toc-section\" id=\"Le_bon_sac_pour_un_week-end_doit-il_tout_faire\"><\/span>Le bon sac pour un week-end doit-il tout faire ?<span class=\"ez-toc-section-end\"><\/span><\/h2>\n\n<p>Il n\u2019existe pas un sac parfait pour toutes les situations, mais certains crit\u00e8res permettent de faire un choix plus facilement. Pour un week-end, il est particuli\u00e8rement int\u00e9ressant de privil\u00e9gier un mod\u00e8le qui poss\u00e8de suffisamment d\u2019espace, plusieurs compartiments, une zone s\u00e9par\u00e9e pour les chaussures et plusieurs possibilit\u00e9s de transport.<\/p>\n\n<p>Le style compte \u00e9galement lorsque le sac est destin\u00e9 \u00e0 \u00eatre utilis\u00e9 r\u00e9guli\u00e8rement. Une couleur appr\u00e9ci\u00e9e, une illustration originale et une personnalisation avec un pr\u00e9nom peuvent transformer un simple accessoire de voyage en objet v\u00e9ritablement personnel.<\/p>\n\n<p>Avec ses multiples espaces de rangement, son compartiment \u00e0 chaussures, sa bandouli\u00e8re et son syst\u00e8me d\u2019attache pour valise, ce <strong>sac de week-end personnalis\u00e9 pour femme<\/strong> r\u00e9unit donc plusieurs caract\u00e9ristiques recherch\u00e9es pour les d\u00e9placements courts, tout en ajoutant une dimension visuelle et personnelle.<\/p>\n\n<h2><span class=\"ez-toc-section\" id=\"FAQ_sur_le_sac_de_week-end_pour_femme\"><\/span>FAQ sur le sac de week-end pour femme<span class=\"ez-toc-section-end\"><\/span><\/h2>\n\n<h3><span class=\"ez-toc-section\" id=\"Quelle_taille_choisir_pour_un_sac_de_week-end_femme\"><\/span>Quelle taille choisir pour un sac de week-end femme ?<span class=\"ez-toc-section-end\"><\/span><\/h3>\n<p>Pour un court s\u00e9jour, un sac doit offrir suffisamment d\u2019espace pour les v\u00eatements et les essentiels tout en restant facile \u00e0 transporter. Ce mod\u00e8le mesure environ <strong>36 \u00d7 16 \u00d7 22 cm<\/strong>.<\/p>\n\n<h3><span class=\"ez-toc-section\" id=\"Le_sac_possede-t-il_un_compartiment_pour_les_chaussures\"><\/span>Le sac poss\u00e8de-t-il un compartiment pour les chaussures ?<span class=\"ez-toc-section-end\"><\/span><\/h3>\n<p>Oui. Un <strong>compartiment lat\u00e9ral d\u00e9di\u00e9<\/strong> permet de ranger les chaussures s\u00e9par\u00e9ment du compartiment principal.<\/p>\n\n<h3><span class=\"ez-toc-section\" id=\"Peut-on_porter_le_sac_a_lepaule\"><\/span>Peut-on porter le sac \u00e0 l\u2019\u00e9paule ?<span class=\"ez-toc-section-end\"><\/span><\/h3>\n<p>Oui. Le sac poss\u00e8de une <strong>bandouli\u00e8re extra-longue<\/strong> qui permet de le porter \u00e0 l\u2019\u00e9paule ou en bandouli\u00e8re.<\/p>\n\n<h3><span class=\"ez-toc-section\" id=\"Peut-on_fixer_le_sac_sur_une_valise\"><\/span>Peut-on fixer le sac sur une valise ?<span class=\"ez-toc-section-end\"><\/span><\/h3>\n<p>Oui. L\u2019arri\u00e8re du sac est con\u00e7u pour permettre de <strong>l\u2019accrocher aux poign\u00e9es d\u2019un bagage<\/strong>, ce qui facilite les d\u00e9placements avec une valise.<\/p>\n\n<h3><span class=\"ez-toc-section\" id=\"Comment_personnaliser_ce_sac_de_voyage\"><\/span>Comment personnaliser ce sac de voyage ?<span class=\"ez-toc-section-end\"><\/span><\/h3>\n<p>Plusieurs \u00e9l\u00e9ments de l\u2019illustration peuvent \u00eatre choisis, notamment la <strong>coiffure et les v\u00eatements du personnage<\/strong>. Il est \u00e9galement possible d\u2019ajouter un pr\u00e9nom comportant jusqu\u2019\u00e0 13 caract\u00e8res.<\/p>\n\n<h3><span class=\"ez-toc-section\" id=\"Quelles_couleurs_sont_disponibles\"><\/span>Quelles couleurs sont disponibles ?<span class=\"ez-toc-section-end\"><\/span><\/h3>\n<p>Le sac est propos\u00e9 en <strong>quatre couleurs<\/strong> : noir, vert, rose et violet.<\/p>\n\n<h3><span class=\"ez-toc-section\" id=\"De_quelle_matiere_est_fabrique_le_sac\"><\/span>De quelle mati\u00e8re est fabriqu\u00e9 le sac ?<span class=\"ez-toc-section-end\"><\/span><\/h3>\n<p>Le sac est fabriqu\u00e9 en <strong>nylon<\/strong>. Il est pr\u00e9sent\u00e9 comme l\u00e9ger et r\u00e9sistant \u00e0 l\u2019eau et \u00e0 la poussi\u00e8re.<\/p>\n\n<h3><span class=\"ez-toc-section\" id=\"A_qui_offrir_un_sac_de_week-end_personnalise\"><\/span>\u00c0 qui offrir un sac de week-end personnalis\u00e9 ?<span class=\"ez-toc-section-end\"><\/span><\/h3>\n<p>Ce mod\u00e8le peut convenir \u00e0 une <strong>femme qui aime voyager<\/strong>, notamment une amie, une partenaire ou un membre de la famille. Il peut \u00eatre offert pour un anniversaire ou comme cadeau d\u2019encouragement et d\u2019affirmation positive.<\/p>\n\n\n\n<script type=\"application\/ld+json\">\n{\n  \"@context\": \"https:\/\/schema.org\",\n  \"@graph\": [\n    {\n      \"@type\": \"BlogPosting\",\n      \"@id\": \"https:\/\/fr.callie.com\/blog\/quel-sac-choisir-week-end-femme#blogposting\",\n      \"mainEntityOfPage\": {\n        \"@type\": \"WebPage\",\n        \"@id\": \"https:\/\/fr.callie.com\/blog\/quel-sac-choisir-week-end-femme\"\n      },\n      \"headline\": \"Quel sac choisir pour un week-end ? Le mod\u00e8le qui mise sur style, rangement et confiance en soi\",\n      \"description\": \"Quel sac choisir pour un week-end entre style et praticit\u00e9 ? D\u00e9couvrez les crit\u00e8res essentiels d\u2019un sac de voyage femme et un mod\u00e8le pens\u00e9 pour bien organiser ses affaires.\",\n      \"image\": \"https:\/\/fr.callie.com\/blog\/wp-content\/uploads\/2026\/09\/sac-de-voyage-weekend-personnalise-femme.jpg\",\n      \"datePublished\": \"2026-09-06\",\n      \"dateModified\": \"2026-09-06\",\n      \"author\": {\n        \"@type\": \"Organization\",\n        \"name\": \"Callie\"\n      },\n      \"publisher\": {\n        \"@type\": \"Organization\",\n        \"name\": \"Callie\",\n        \"logo\": {\n          \"@type\": \"ImageObject\",\n          \"url\": \"https:\/\/d3ouql8tmwncoe.cloudfront.net\/uploads\/20220922\/823f6dbeeb80bb6bce1d717ff6d02887.png\"\n        }\n      },\n      \"inLanguage\": \"fr-FR\",\n      \"url\": \"https:\/\/fr.callie.com\/blog\/quel-sac-choisir-week-end-femme\"\n    },\n    {\n      \"@type\": \"FAQPage\",\n      \"@id\": \"https:\/\/fr.callie.com\/blog\/quel-sac-choisir-week-end-femme#faq\",\n      \"mainEntity\": [\n        {\n          \"@type\": \"Question\",\n          \"name\": \"Quelle taille choisir pour un sac de week-end femme ?\",\n          \"acceptedAnswer\": {\n            \"@type\": \"Answer\",\n            \"text\": \"Pour un court s\u00e9jour, un sac doit offrir suffisamment d\u2019espace pour les v\u00eatements et les essentiels tout en restant facile \u00e0 transporter. Ce mod\u00e8le mesure environ 36 \u00d7 16 \u00d7 22 cm.\"\n          }\n        },\n        {\n          \"@type\": \"Question\",\n          \"name\": \"Le sac poss\u00e8de-t-il un compartiment pour les chaussures ?\",\n          \"acceptedAnswer\": {\n            \"@type\": \"Answer\",\n            \"text\": \"Oui. Un compartiment lat\u00e9ral d\u00e9di\u00e9 permet de ranger les chaussures s\u00e9par\u00e9ment du compartiment principal.\"\n          }\n        },\n        {\n          \"@type\": \"Question\",\n          \"name\": \"Peut-on porter le sac \u00e0 l\u2019\u00e9paule ?\",\n          \"acceptedAnswer\": {\n            \"@type\": \"Answer\",\n            \"text\": \"Oui. Le sac poss\u00e8de une bandouli\u00e8re extra-longue qui permet de le porter \u00e0 l\u2019\u00e9paule ou en bandouli\u00e8re.\"\n          }\n        },\n        {\n          \"@type\": \"Question\",\n          \"name\": \"Peut-on fixer le sac sur une valise ?\",\n          \"acceptedAnswer\": {\n            \"@type\": \"Answer\",\n            \"text\": \"Oui. L\u2019arri\u00e8re du sac est con\u00e7u pour permettre de l\u2019accrocher aux poign\u00e9es d\u2019un bagage, ce qui facilite les d\u00e9placements avec une valise.\"\n          }\n        },\n        {\n          \"@type\": \"Question\",\n          \"name\": \"Comment personnaliser ce sac de voyage ?\",\n          \"acceptedAnswer\": {\n            \"@type\": \"Answer\",\n            \"text\": \"Plusieurs \u00e9l\u00e9ments de l\u2019illustration peuvent \u00eatre choisis, notamment la coiffure et les v\u00eatements du personnage. Il est \u00e9galement possible d\u2019ajouter un pr\u00e9nom comportant jusqu\u2019\u00e0 13 caract\u00e8res.\"\n          }\n        },\n        {\n          \"@type\": \"Question\",\n          \"name\": \"Quelles couleurs sont disponibles ?\",\n          \"acceptedAnswer\": {\n            \"@type\": \"Answer\",\n            \"text\": \"Le sac est propos\u00e9 en quatre couleurs : noir, vert, rose et violet.\"\n          }\n        },\n        {\n          \"@type\": \"Question\",\n          \"name\": \"De quelle mati\u00e8re est fabriqu\u00e9 le sac ?\",\n          \"acceptedAnswer\": {\n            \"@type\": \"Answer\",\n            \"text\": \"Le sac est fabriqu\u00e9 en nylon. Il est pr\u00e9sent\u00e9 comme l\u00e9ger et r\u00e9sistant \u00e0 l\u2019eau et \u00e0 la poussi\u00e8re.\"\n          }\n        },\n        {\n          \"@type\": \"Question\",\n          \"name\": \"\u00c0 qui offrir un sac de week-end personnalis\u00e9 ?\",\n          \"acceptedAnswer\": {\n            \"@type\": \"Answer\",\n            \"text\": \"Ce mod\u00e8le peut convenir \u00e0 une femme qui aime voyager, notamment une amie, une partenaire ou un membre de la famille. Il peut \u00eatre offert pour un anniversaire ou comme cadeau d\u2019encouragement et d\u2019affirmation positive.\"\n          }\n        }\n      ]\n    }\n  ]\n}\n<\/script>\n","protected":false},"excerpt":{"rendered":"<p>Pr\u00e9parer un week-end ne signifie pas forc\u00e9ment partir avec une grosse valise. Pour deux ou trois jours, un sac bien pens\u00e9 peut suffire \u00e0 emporter les v\u00eatements, les chaussures, les produits du quotidien et les petits accessoires indispensables. Encore faut-il choisir un mod\u00e8le qui combine suffisamment d\u2019espace, une bonne organisation et un style adapt\u00e9 \u00e0 [&hellip;]<\/p>\n","protected":false},"author":9,"featured_media":8843,"comment_status":"closed","ping_status":"closed","sticky":false,"template":"","format":"standard","meta":{"_vp_format_video_url":"","_vp_image_focal_point":[],"footnotes":""},"categories":[666,659],"tags":[1000,1040],"class_list":["post-8842","post","type-post","status-publish","format-standard","has-post-thumbnail","hentry","category-cadeaux-pour-elle","category-idees-cadeaux","tag-cadeau-pour-elle","tag-sac-perosnnalise"],"yoast_head":"<!-- This site is optimized with the Yoast SEO plugin v25.5 - https:\/\/yoast.com\/wordpress\/plugins\/seo\/ -->\n<title>Quel sac choisir pour un week-end ? Le mod\u00e8le qui mise sur style, rangement et confiance en soi - Id\u00e9es Cadeaux, Relations &amp; Messages Inspirants | Blog Callie<\/title>\n<meta name=\"description\" content=\"Quel sac choisir pour un week-end entre style et praticit\u00e9 ? D\u00e9couvrez les crit\u00e8res essentiels d\u2019un sac de voyage femme et un mod\u00e8le pens\u00e9 pour bien organiser ses affaires.\" \/>\n<meta name=\"robots\" content=\"index, follow, max-snippet:-1, max-image-preview:large, max-video-preview:-1\" \/>\n<link rel=\"canonical\" href=\"https:\/\/fr.callie.com\/blog\/quel-sac-choisir-week-end-femme\/\" \/>\n<meta property=\"og:locale\" content=\"en_US\" \/>\n<meta property=\"og:type\" content=\"article\" \/>\n<meta property=\"og:title\" content=\"Quel sac choisir pour un week-end ? Le mod\u00e8le qui mise sur style, rangement et confiance en soi - Id\u00e9es Cadeaux, Relations &amp; Messages Inspirants | Blog Callie\" \/>\n<meta property=\"og:description\" content=\"Quel sac choisir pour un week-end entre style et praticit\u00e9 ? D\u00e9couvrez les crit\u00e8res essentiels d\u2019un sac de voyage femme et un mod\u00e8le pens\u00e9 pour bien organiser ses affaires.\" \/>\n<meta property=\"og:url\" content=\"https:\/\/fr.callie.com\/blog\/quel-sac-choisir-week-end-femme\/\" \/>\n<meta property=\"og:site_name\" content=\"Id\u00e9es Cadeaux, Relations &amp; Messages Inspirants | Blog Callie\" \/>\n<meta property=\"article:published_time\" content=\"2026-09-06T10:11:27+00:00\" \/>\n<meta property=\"article:modified_time\" content=\"2026-09-06T10:23:40+00:00\" \/>\n<meta property=\"og:image\" content=\"https:\/\/fr.callie.com\/blog\/wp-content\/uploads\/2026\/09\/sac-de-voyage-weekend-personnalise-femme.jpg\" \/>\n\t<meta property=\"og:image:width\" content=\"1000\" \/>\n\t<meta property=\"og:image:height\" content=\"1000\" \/>\n\t<meta property=\"og:image:type\" content=\"image\/jpeg\" \/>\n<meta name=\"author\" content=\"Lucie\" \/>\n<meta name=\"twitter:card\" content=\"summary_large_image\" \/>\n<meta name=\"twitter:label1\" content=\"Written by\" \/>\n\t<meta name=\"twitter:data1\" content=\"Lucie\" \/>\n\t<meta name=\"twitter:label2\" content=\"Est. reading time\" \/>\n\t<meta name=\"twitter:data2\" content=\"8 minutes\" \/>\n<script type=\"application\/ld+json\" class=\"yoast-schema-graph\">{\"@context\":\"https:\/\/schema.org\",\"@graph\":[{\"@type\":\"WebPage\",\"@id\":\"https:\/\/fr.callie.com\/blog\/quel-sac-choisir-week-end-femme\/\",\"url\":\"https:\/\/fr.callie.com\/blog\/quel-sac-choisir-week-end-femme\/\",\"name\":\"Quel sac choisir pour un week-end ? Le mod\u00e8le qui mise sur style, rangement et confiance en soi - Id\u00e9es Cadeaux, Relations &amp; Messages Inspirants | Blog Callie\",\"isPartOf\":{\"@id\":\"https:\/\/fr.callie.com\/blog\/#website\"},\"primaryImageOfPage\":{\"@id\":\"https:\/\/fr.callie.com\/blog\/quel-sac-choisir-week-end-femme\/#primaryimage\"},\"image\":{\"@id\":\"https:\/\/fr.callie.com\/blog\/quel-sac-choisir-week-end-femme\/#primaryimage\"},\"thumbnailUrl\":\"https:\/\/fr.callie.com\/blog\/wp-content\/uploads\/2026\/09\/sac-de-voyage-weekend-personnalise-femme.jpg\",\"datePublished\":\"2026-09-06T10:11:27+00:00\",\"dateModified\":\"2026-09-06T10:23:40+00:00\",\"author\":{\"@id\":\"https:\/\/fr.callie.com\/blog\/#\/schema\/person\/c9636fb1086c66f6e685632ab5c9ebe4\"},\"description\":\"Quel sac choisir pour un week-end entre style et praticit\u00e9 ? D\u00e9couvrez les crit\u00e8res essentiels d\u2019un sac de voyage femme et un mod\u00e8le pens\u00e9 pour bien organiser ses affaires.\",\"breadcrumb\":{\"@id\":\"https:\/\/fr.callie.com\/blog\/quel-sac-choisir-week-end-femme\/#breadcrumb\"},\"inLanguage\":\"en-US\",\"potentialAction\":[{\"@type\":\"ReadAction\",\"target\":[\"https:\/\/fr.callie.com\/blog\/quel-sac-choisir-week-end-femme\/\"]}]},{\"@type\":\"ImageObject\",\"inLanguage\":\"en-US\",\"@id\":\"https:\/\/fr.callie.com\/blog\/quel-sac-choisir-week-end-femme\/#primaryimage\",\"url\":\"https:\/\/fr.callie.com\/blog\/wp-content\/uploads\/2026\/09\/sac-de-voyage-weekend-personnalise-femme.jpg\",\"contentUrl\":\"https:\/\/fr.callie.com\/blog\/wp-content\/uploads\/2026\/09\/sac-de-voyage-weekend-personnalise-femme.jpg\",\"width\":1000,\"height\":1000,\"caption\":\"Quel sac choisir pour un week-end ? Le mod\u00e8le qui mise sur style, rangement et confiance en soi\"},{\"@type\":\"BreadcrumbList\",\"@id\":\"https:\/\/fr.callie.com\/blog\/quel-sac-choisir-week-end-femme\/#breadcrumb\",\"itemListElement\":[{\"@type\":\"ListItem\",\"position\":1,\"name\":\"Home\",\"item\":\"https:\/\/fr.callie.com\/blog\/\"},{\"@type\":\"ListItem\",\"position\":2,\"name\":\"Quel sac choisir pour un week-end ? Le mod\u00e8le qui mise sur style, rangement et confiance en soi\"}]},{\"@type\":\"WebSite\",\"@id\":\"https:\/\/fr.callie.com\/blog\/#website\",\"url\":\"https:\/\/fr.callie.com\/blog\/\",\"name\":\"Id\u00e9es Cadeaux, Relations & Messages Inspirants | Blog Callie\",\"description\":\"\",\"alternateName\":\"Blog Callie\",\"potentialAction\":[{\"@type\":\"SearchAction\",\"target\":{\"@type\":\"EntryPoint\",\"urlTemplate\":\"https:\/\/fr.callie.com\/blog\/?s={search_term_string}\"},\"query-input\":{\"@type\":\"PropertyValueSpecification\",\"valueRequired\":true,\"valueName\":\"search_term_string\"}}],\"inLanguage\":\"en-US\"}]}<\/script>\n<!-- \/ Yoast SEO plugin. -->","yoast_head_json":{"title":"Quel sac choisir pour un week-end ? Le mod\u00e8le qui mise sur style, rangement et confiance en soi - Id\u00e9es Cadeaux, Relations &amp; Messages Inspirants | Blog Callie","description":"Quel sac choisir pour un week-end entre style et praticit\u00e9 ? D\u00e9couvrez les crit\u00e8res essentiels d\u2019un sac de voyage femme et un mod\u00e8le pens\u00e9 pour bien organiser ses affaires.","robots":{"index":"index","follow":"follow","max-snippet":"max-snippet:-1","max-image-preview":"max-image-preview:large","max-video-preview":"max-video-preview:-1"},"canonical":"https:\/\/fr.callie.com\/blog\/quel-sac-choisir-week-end-femme\/","og_locale":"en_US","og_type":"article","og_title":"Quel sac choisir pour un week-end ? Le mod\u00e8le qui mise sur style, rangement et confiance en soi - Id\u00e9es Cadeaux, Relations &amp; Messages Inspirants | Blog Callie","og_description":"Quel sac choisir pour un week-end entre style et praticit\u00e9 ? D\u00e9couvrez les crit\u00e8res essentiels d\u2019un sac de voyage femme et un mod\u00e8le pens\u00e9 pour bien organiser ses affaires.","og_url":"https:\/\/fr.callie.com\/blog\/quel-sac-choisir-week-end-femme\/","og_site_name":"Id\u00e9es Cadeaux, Relations &amp; Messages Inspirants | Blog Callie","article_published_time":"2026-09-06T10:11:27+00:00","article_modified_time":"2026-09-06T10:23:40+00:00","og_image":[{"width":1000,"height":1000,"url":"https:\/\/fr.callie.com\/blog\/wp-content\/uploads\/2026\/09\/sac-de-voyage-weekend-personnalise-femme.jpg","type":"image\/jpeg"}],"author":"Lucie","twitter_card":"summary_large_image","twitter_misc":{"Written by":"Lucie","Est. reading time":"8 minutes"},"schema":{"@context":"https:\/\/schema.org","@graph":[{"@type":"WebPage","@id":"https:\/\/fr.callie.com\/blog\/quel-sac-choisir-week-end-femme\/","url":"https:\/\/fr.callie.com\/blog\/quel-sac-choisir-week-end-femme\/","name":"Quel sac choisir pour un week-end ? Le mod\u00e8le qui mise sur style, rangement et confiance en soi - Id\u00e9es Cadeaux, Relations &amp; Messages Inspirants | Blog Callie","isPartOf":{"@id":"https:\/\/fr.callie.com\/blog\/#website"},"primaryImageOfPage":{"@id":"https:\/\/fr.callie.com\/blog\/quel-sac-choisir-week-end-femme\/#primaryimage"},"image":{"@id":"https:\/\/fr.callie.com\/blog\/quel-sac-choisir-week-end-femme\/#primaryimage"},"thumbnailUrl":"https:\/\/fr.callie.com\/blog\/wp-content\/uploads\/2026\/09\/sac-de-voyage-weekend-personnalise-femme.jpg","datePublished":"2026-09-06T10:11:27+00:00","dateModified":"2026-09-06T10:23:40+00:00","author":{"@id":"https:\/\/fr.callie.com\/blog\/#\/schema\/person\/c9636fb1086c66f6e685632ab5c9ebe4"},"description":"Quel sac choisir pour un week-end entre style et praticit\u00e9 ? D\u00e9couvrez les crit\u00e8res essentiels d\u2019un sac de voyage femme et un mod\u00e8le pens\u00e9 pour bien organiser ses affaires.","breadcrumb":{"@id":"https:\/\/fr.callie.com\/blog\/quel-sac-choisir-week-end-femme\/#breadcrumb"},"inLanguage":"en-US","potentialAction":[{"@type":"ReadAction","target":["https:\/\/fr.callie.com\/blog\/quel-sac-choisir-week-end-femme\/"]}]},{"@type":"ImageObject","inLanguage":"en-US","@id":"https:\/\/fr.callie.com\/blog\/quel-sac-choisir-week-end-femme\/#primaryimage","url":"https:\/\/fr.callie.com\/blog\/wp-content\/uploads\/2026\/09\/sac-de-voyage-weekend-personnalise-femme.jpg","contentUrl":"https:\/\/fr.callie.com\/blog\/wp-content\/uploads\/2026\/09\/sac-de-voyage-weekend-personnalise-femme.jpg","width":1000,"height":1000,"caption":"Quel sac choisir pour un week-end ? Le mod\u00e8le qui mise sur style, rangement et confiance en soi"},{"@type":"BreadcrumbList","@id":"https:\/\/fr.callie.com\/blog\/quel-sac-choisir-week-end-femme\/#breadcrumb","itemListElement":[{"@type":"ListItem","position":1,"name":"Home","item":"https:\/\/fr.callie.com\/blog\/"},{"@type":"ListItem","position":2,"name":"Quel sac choisir pour un week-end ? Le mod\u00e8le qui mise sur style, rangement et confiance en soi"}]},{"@type":"WebSite","@id":"https:\/\/fr.callie.com\/blog\/#website","url":"https:\/\/fr.callie.com\/blog\/","name":"Id\u00e9es Cadeaux, Relations & Messages Inspirants | Blog Callie","description":"","alternateName":"Blog Callie","potentialAction":[{"@type":"SearchAction","target":{"@type":"EntryPoint","urlTemplate":"https:\/\/fr.callie.com\/blog\/?s={search_term_string}"},"query-input":{"@type":"PropertyValueSpecification","valueRequired":true,"valueName":"search_term_string"}}],"inLanguage":"en-US"}]}},"_links":{"self":[{"href":"https:\/\/fr.callie.com\/blog\/wp-json\/wp\/v2\/posts\/8842","targetHints":{"allow":["GET"]}}],"collection":[{"href":"https:\/\/fr.callie.com\/blog\/wp-json\/wp\/v2\/posts"}],"about":[{"href":"https:\/\/fr.callie.com\/blog\/wp-json\/wp\/v2\/types\/post"}],"author":[{"embeddable":true,"href":"https:\/\/fr.callie.com\/blog\/wp-json\/wp\/v2\/users\/9"}],"replies":[{"embeddable":true,"href":"https:\/\/fr.callie.com\/blog\/wp-json\/wp\/v2\/comments?post=8842"}],"version-history":[{"count":2,"href":"https:\/\/fr.callie.com\/blog\/wp-json\/wp\/v2\/posts\/8842\/revisions"}],"predecessor-version":[{"id":8847,"href":"https:\/\/fr.callie.com\/blog\/wp-json\/wp\/v2\/posts\/8842\/revisions\/8847"}],"wp:featuredmedia":[{"embeddable":true,"href":"https:\/\/fr.callie.com\/blog\/wp-json\/wp\/v2\/media\/8843"}],"wp:attachment":[{"href":"https:\/\/fr.callie.com\/blog\/wp-json\/wp\/v2\/media?parent=8842"}],"wp:term":[{"taxonomy":"category","embeddable":true,"href":"https:\/\/fr.callie.com\/blog\/wp-json\/wp\/v2\/categories?post=8842"},{"taxonomy":"post_tag","embeddable":true,"href":"https:\/\/fr.callie.com\/blog\/wp-json\/wp\/v2\/tags?post=8842"}],"curies":[{"name":"wp","href":"https:\/\/api.w.org\/{rel}","templated":true}]}}